{"id":9089,"date":"2021-10-28T20:42:31","date_gmt":"2021-10-28T20:42:31","guid":{"rendered":"http:\/\/noticiasrec.com\/?p=9089"},"modified":"2021-10-28T20:42:31","modified_gmt":"2021-10-28T20:42:31","slug":"se-inauguro-un-nuevo-carrefour-maxi-en-la-ciudad-de-tortuguitas","status":"publish","type":"post","link":"https:\/\/noticiasrec.com\/?p=9089","title":{"rendered":"Se inaugur\u00f3 un nuevo Carrefour Maxi en la ciudad de Tortuguitas"},"content":{"rendered":"\n<p><strong>29 de Octubre 2021<\/strong> <\/p>\n\n\n\n<p>Se\u00a0realiz\u00f3 la inauguraci\u00f3n de un nuevo local de Carrefour Maxi, en la ciudad de Tortuguitas, ubicado sobre la Ruta N\u00b08, Colectora Oeste, esquina Brasil. La cadena francesa de supermercados, l\u00edder en el pa\u00eds, invirti\u00f3 800 millones de pesos en la construcci\u00f3n de esta nueva sucursal mayorista.\u00a0\u00a0<\/p>\n\n\n\n<figure class=\"wp-block-image size-large\"><a href=\"http:\/\/noticiasrec.com\/wp-content\/uploads\/2021\/10\/IMG-20211028-WA0528-1.jpg\"><img loading=\"lazy\" decoding=\"async\" width=\"1024\" height=\"683\" src=\"http:\/\/noticiasrec.com\/wp-content\/uploads\/2021\/10\/IMG-20211028-WA0528-1-1024x683.jpg\" alt=\"\" class=\"wp-image-9092\" srcset=\"https:\/\/noticiasrec.com\/wp-content\/uploads\/2021\/10\/IMG-20211028-WA0528-1-1024x683.jpg 1024w, https:\/\/noticiasrec.com\/wp-content\/uploads\/2021\/10\/IMG-20211028-WA0528-1-300x200.jpg 300w, https:\/\/noticiasrec.com\/wp-content\/uploads\/2021\/10\/IMG-20211028-WA0528-1-768x512.jpg 768w, https:\/\/noticiasrec.com\/wp-content\/uploads\/2021\/10\/IMG-20211028-WA0528-1-1536x1024.jpg 1536w, https:\/\/noticiasrec.com\/wp-content\/uploads\/2021\/10\/IMG-20211028-WA0528-1.jpg 1599w\" sizes=\"auto, (max-width: 1024px) 100vw, 1024px\" \/><\/a><\/figure>\n\n\n\n<p>Formaron parte del acto inaugural el gobernador de la provincia de Buenos Aires, Axel Kicillof,\u00a0la intendenta interina de Malvinas Argentinas,\u00a0\u00a0Noe Correa; el ministro de Infraestructura y Servicios P\u00fablicos de la provincia de Buenos Aires, Leo Nardini; el ministro de Producci\u00f3n, Ciencia e Innovaci\u00f3n Tecnol\u00f3gica de la provincia de Buenos Aires, Augusto Costa; el senador de la provincia de Buenos Aires, Luis Vivona; el presidente de Carrefour Argentina, Pablo Lorenzo;\u00a0el presidente de Carrefour Brasil y Latam,\u00a0St\u00e9phane Maquaire; y\u00a0la embajadora de Francia en Argentina,\u00a0Claudia Scherer-Effosse.\u00a0\u00a0<\/p>\n\n\n\n<figure class=\"wp-block-image size-large\"><a href=\"http:\/\/noticiasrec.com\/wp-content\/uploads\/2021\/10\/IMG-20211028-WA0475-1.jpg\"><img loading=\"lazy\" decoding=\"async\" width=\"1024\" height=\"682\" src=\"http:\/\/noticiasrec.com\/wp-content\/uploads\/2021\/10\/IMG-20211028-WA0475-1-1024x682.jpg\" alt=\"\" class=\"wp-image-9094\" srcset=\"https:\/\/noticiasrec.com\/wp-content\/uploads\/2021\/10\/IMG-20211028-WA0475-1-1024x682.jpg 1024w, https:\/\/noticiasrec.com\/wp-content\/uploads\/2021\/10\/IMG-20211028-WA0475-1-300x200.jpg 300w, https:\/\/noticiasrec.com\/wp-content\/uploads\/2021\/10\/IMG-20211028-WA0475-1-768x512.jpg 768w, https:\/\/noticiasrec.com\/wp-content\/uploads\/2021\/10\/IMG-20211028-WA0475-1.jpg 1280w\" sizes=\"auto, (max-width: 1024px) 100vw, 1024px\" \/><\/a><\/figure>\n\n\n\n<p>El gobernador Axel\u00a0Kicillof expres\u00f3: \u201cEstar en Malvinas Argentinas ya es una especie de vicio, cuando uno recorre los distritos de la provincia lo hace con una invitaci\u00f3n, por una inauguraci\u00f3n o evento, para algo que les mejore la vida a los y las bonaerenses. Hoy lo que estamos anunciando es este impresionante Carrefour mayorista, pero anunciamos tambi\u00e9n 140 puestos de trabajo. Eso es lo fundamental, la inversi\u00f3n asociada a necesidades y asociadas tambi\u00e9n a la creaci\u00f3n de empleo, esa es la etapa en la que estamos, de recuperaci\u00f3n despu\u00e9s de la pandemia\u201d.\u00a0\u00a0\u00a0<\/p>\n\n\n\n<figure class=\"wp-block-image size-large\"><a href=\"http:\/\/noticiasrec.com\/wp-content\/uploads\/2021\/10\/IMG-20211028-WA0474.jpg\"><img loading=\"lazy\" decoding=\"async\" width=\"1024\" height=\"682\" src=\"http:\/\/noticiasrec.com\/wp-content\/uploads\/2021\/10\/IMG-20211028-WA0474-1024x682.jpg\" alt=\"\" class=\"wp-image-9095\" srcset=\"https:\/\/noticiasrec.com\/wp-content\/uploads\/2021\/10\/IMG-20211028-WA0474-1024x682.jpg 1024w, https:\/\/noticiasrec.com\/wp-content\/uploads\/2021\/10\/IMG-20211028-WA0474-300x200.jpg 300w, https:\/\/noticiasrec.com\/wp-content\/uploads\/2021\/10\/IMG-20211028-WA0474-768x512.jpg 768w, https:\/\/noticiasrec.com\/wp-content\/uploads\/2021\/10\/IMG-20211028-WA0474.jpg 1280w\" sizes=\"auto, (max-width: 1024px) 100vw, 1024px\" \/><\/a><\/figure>\n\n\n\n<p>Por su parte, la intendenta del distrito, Noe Correa, dijo: \u201cEsta es una empresa muy importante que se radica ac\u00e1 en Malvinas Argentinas. La apertura de un nuevo local genera crecimiento en nuestro distrito y m\u00e1s empleo\u201d. \u201cLas empresas siguen confiando en Malvinas y seguimos haciendo hincapi\u00e9 en mantener la conexi\u00f3n entre sector privado y municipio\u201d.\u00a0\u00a0<\/p>\n\n\n\n<figure class=\"wp-block-image size-large\"><a href=\"http:\/\/noticiasrec.com\/wp-content\/uploads\/2021\/10\/IMG-20211028-WA0519-1.jpg\"><img loading=\"lazy\" decoding=\"async\" width=\"1024\" height=\"683\" src=\"http:\/\/noticiasrec.com\/wp-content\/uploads\/2021\/10\/IMG-20211028-WA0519-1-1024x683.jpg\" alt=\"\" class=\"wp-image-9096\" srcset=\"https:\/\/noticiasrec.com\/wp-content\/uploads\/2021\/10\/IMG-20211028-WA0519-1-1024x683.jpg 1024w, https:\/\/noticiasrec.com\/wp-content\/uploads\/2021\/10\/IMG-20211028-WA0519-1-300x200.jpg 300w, https:\/\/noticiasrec.com\/wp-content\/uploads\/2021\/10\/IMG-20211028-WA0519-1-768x512.jpg 768w, https:\/\/noticiasrec.com\/wp-content\/uploads\/2021\/10\/IMG-20211028-WA0519-1-1536x1024.jpg 1536w, https:\/\/noticiasrec.com\/wp-content\/uploads\/2021\/10\/IMG-20211028-WA0519-1.jpg 1599w\" sizes=\"auto, (max-width: 1024px) 100vw, 1024px\" \/><\/a><\/figure>\n\n\n\n<p>A partir de esta inauguraci\u00f3n, Carrefour supera los 360 puestos de trabajo ya activos en el distrito malvinense. Tanto en el Hipermercado, como en el formato Express, el centro comercial Terrazas de Mayo y el centro de distribuci\u00f3n.\u00a0<\/p>\n\n\n\n<figure class=\"wp-block-image size-large\"><a href=\"http:\/\/noticiasrec.com\/wp-content\/uploads\/2021\/10\/IMG-20211028-WA0467-1.jpg\"><img loading=\"lazy\" decoding=\"async\" width=\"1024\" height=\"682\" src=\"http:\/\/noticiasrec.com\/wp-content\/uploads\/2021\/10\/IMG-20211028-WA0467-1-1024x682.jpg\" alt=\"\" class=\"wp-image-9098\" srcset=\"https:\/\/noticiasrec.com\/wp-content\/uploads\/2021\/10\/IMG-20211028-WA0467-1-1024x682.jpg 1024w, https:\/\/noticiasrec.com\/wp-content\/uploads\/2021\/10\/IMG-20211028-WA0467-1-300x200.jpg 300w, https:\/\/noticiasrec.com\/wp-content\/uploads\/2021\/10\/IMG-20211028-WA0467-1-768x512.jpg 768w, https:\/\/noticiasrec.com\/wp-content\/uploads\/2021\/10\/IMG-20211028-WA0467-1.jpg 1280w\" sizes=\"auto, (max-width: 1024px) 100vw, 1024px\" \/><\/a><\/figure>\n\n\n\n<p>El ministro Nardini record\u00f3 que \u201chace un a\u00f1o fue la reuni\u00f3n con las autoridades de Carrefour por este proyecto que necesitaba del trabajo en conjunto entre el Estado municipal y el sector privado\u201d, y continu\u00f3: \u201cCon esa mirada, en un momento dif\u00edcil de nuestro pa\u00eds por la pandemia, nos hemos podido destacar por generar \u00edndices positivos, con 43 firmas, entre ellas Carrefour, que invirtieron en Malvinas Argentinas. Eso genera empleo directo, que es lo que tanto necesitamos\u201d. \u00a0<\/p>\n\n\n\n<figure class=\"wp-block-image size-large\"><a href=\"http:\/\/noticiasrec.com\/wp-content\/uploads\/2021\/10\/IMG-20211028-WA0501-1.jpg\"><img loading=\"lazy\" decoding=\"async\" width=\"1024\" height=\"683\" src=\"http:\/\/noticiasrec.com\/wp-content\/uploads\/2021\/10\/IMG-20211028-WA0501-1-1024x683.jpg\" alt=\"\" class=\"wp-image-9100\" srcset=\"https:\/\/noticiasrec.com\/wp-content\/uploads\/2021\/10\/IMG-20211028-WA0501-1-1024x683.jpg 1024w, https:\/\/noticiasrec.com\/wp-content\/uploads\/2021\/10\/IMG-20211028-WA0501-1-300x200.jpg 300w, https:\/\/noticiasrec.com\/wp-content\/uploads\/2021\/10\/IMG-20211028-WA0501-1-768x512.jpg 768w, https:\/\/noticiasrec.com\/wp-content\/uploads\/2021\/10\/IMG-20211028-WA0501-1-1536x1024.jpg 1536w, https:\/\/noticiasrec.com\/wp-content\/uploads\/2021\/10\/IMG-20211028-WA0501-1.jpg 1599w\" sizes=\"auto, (max-width: 1024px) 100vw, 1024px\" \/><\/a><\/figure>\n\n\n\n<p>En su discurso, Nardini destac\u00f3 tambi\u00e9n la colaboraci\u00f3n de la empresa Carrefour, \u201cde poner sus aportes urban\u00edsticos para el desarrollo de la construcci\u00f3n\u00a0del Hospital Universitario de Diagn\u00f3stico Precoz que tiene el municipio\u201d.\u00a0<\/p>\n\n\n\n<figure class=\"wp-block-image size-large\"><a href=\"http:\/\/noticiasrec.com\/wp-content\/uploads\/2021\/10\/IMG-20211028-WA0503-1.jpg\"><img loading=\"lazy\" decoding=\"async\" width=\"1024\" height=\"683\" src=\"http:\/\/noticiasrec.com\/wp-content\/uploads\/2021\/10\/IMG-20211028-WA0503-1-1024x683.jpg\" alt=\"\" class=\"wp-image-9102\" srcset=\"https:\/\/noticiasrec.com\/wp-content\/uploads\/2021\/10\/IMG-20211028-WA0503-1-1024x683.jpg 1024w, https:\/\/noticiasrec.com\/wp-content\/uploads\/2021\/10\/IMG-20211028-WA0503-1-300x200.jpg 300w, https:\/\/noticiasrec.com\/wp-content\/uploads\/2021\/10\/IMG-20211028-WA0503-1-768x512.jpg 768w, https:\/\/noticiasrec.com\/wp-content\/uploads\/2021\/10\/IMG-20211028-WA0503-1-1536x1024.jpg 1536w, https:\/\/noticiasrec.com\/wp-content\/uploads\/2021\/10\/IMG-20211028-WA0503-1.jpg 1599w\" sizes=\"auto, (max-width: 1024px) 100vw, 1024px\" \/><\/a><\/figure>\n\n\n\n<p>Con esta apertura, Carrefour Argentina alcanza las 10 sucursales Maxi y suma 140 colaboradores y colaboradoras a sus equipos conformados por m\u00e1s de 17.000 personas.\u00a0<\/p>\n","protected":false},"excerpt":{"rendered":"<p>29 de Octubre 2021 Se\u00a0realiz\u00f3 la inauguraci\u00f3n de un nuevo local de Carrefour Maxi, en..<\/p>\n","protected":false},"author":2,"featured_media":9090,"comment_status":"open","ping_status":"open","sticky":false,"template":"","format":"standard","meta":{"footnotes":""},"categories":[51,9,3,2],"tags":[],"class_list":["post-9089","post","type-post","status-publish","format-standard","has-post-thumbnail","hentry","category-economia","category-malvinas-argentinas","category-municipios","category-provincia"],"_links":{"self":[{"href":"https:\/\/noticiasrec.com\/index.php?rest_route=\/wp\/v2\/posts\/9089","targetHints":{"allow":["GET"]}}],"collection":[{"href":"https:\/\/noticiasrec.com\/index.php?rest_route=\/wp\/v2\/posts"}],"about":[{"href":"https:\/\/noticiasrec.com\/index.php?rest_route=\/wp\/v2\/types\/post"}],"author":[{"embeddable":true,"href":"https:\/\/noticiasrec.com\/index.php?rest_route=\/wp\/v2\/users\/2"}],"replies":[{"embeddable":true,"href":"https:\/\/noticiasrec.com\/index.php?rest_route=%2Fwp%2Fv2%2Fcomments&post=9089"}],"version-history":[{"count":1,"href":"https:\/\/noticiasrec.com\/index.php?rest_route=\/wp\/v2\/posts\/9089\/revisions"}],"predecessor-version":[{"id":9103,"href":"https:\/\/noticiasrec.com\/index.php?rest_route=\/wp\/v2\/posts\/9089\/revisions\/9103"}],"wp:featuredmedia":[{"embeddable":true,"href":"https:\/\/noticiasrec.com\/index.php?rest_route=\/wp\/v2\/media\/9090"}],"wp:attachment":[{"href":"https:\/\/noticiasrec.com\/index.php?rest_route=%2Fwp%2Fv2%2Fmedia&parent=9089"}],"wp:term":[{"taxonomy":"category","embeddable":true,"href":"https:\/\/noticiasrec.com\/index.php?rest_route=%2Fwp%2Fv2%2Fcategories&post=9089"},{"taxonomy":"post_tag","embeddable":true,"href":"https:\/\/noticiasrec.com\/index.php?rest_route=%2Fwp%2Fv2%2Ftags&post=9089"}],"curies":[{"name":"wp","href":"https:\/\/api.w.org\/{rel}","templated":true}]}}