{"id":7594,"date":"2021-01-11T15:48:41","date_gmt":"2021-01-11T15:48:41","guid":{"rendered":"http:\/\/noticiasrec.com\/?p=7594"},"modified":"2021-01-11T15:48:41","modified_gmt":"2021-01-11T15:48:41","slug":"llegaron-las-vacunas-contra-el-covid-19-a-jose-c-paz","status":"publish","type":"post","link":"https:\/\/noticiasrec.com\/?p=7594","title":{"rendered":"Llegaron las vacunas contra el covid 19 a Jos\u00e9 C. Paz"},"content":{"rendered":"\n<p>Esta ma\u00f1ana llegaron al Centro de Patolog\u00edas de la V\u00eda A\u00e9rea \u201cDomingo Angio\u201d 450 dosis de la vacuna contra el Coronavirus. <\/p>\n\n\n\n<p>Estas primeras vacunas ser\u00e1n destinadas a todo el personal m\u00e9dico de los hospitales de Jos\u00e9 C. Paz que trabajaron arduamente en esta pandemia.<\/p>\n\n\n\n<p>La oficializaci\u00f3n del \u00abPlan Estrat\u00e9gico para la Vacunaci\u00f3n Contra la Covid-19\u00bb qued\u00f3 plasmada en la resoluci\u00f3n 2883\/2020 del Ministerio de Salud, firmada por su titular, Gin\u00e9s Gonz\u00e1lez Garc\u00eda, y publicada en el Bolet\u00edn Oficial.<\/p>\n\n\n\n<p>La resoluci\u00f3n indica que&nbsp;<strong>el plan tiene como objetivo \u00abdisminuir la morbilidad, mortalidad y el impacto socio-econ\u00f3mico causados por la pandemia de coronavirus en Argentina, a partir de la vacunaci\u00f3n de la totalidad de la poblaci\u00f3n<\/strong>, objetivo en forma escalonada y progresiva, de acuerdo con la priorizaci\u00f3n de riesgo y la disponibilidad de dosis de vacunas\u00bb<\/p>\n\n\n\n<p>Este centro \u201cDomingo Angio\u201d, cuenta con 36 camas de baja complejidad, 17 camas de terapia intermedia, 30 camas de terapia intensiva y 19 respiradores. Cuenta con la infraestructura del Hospital Angio y un anexo de M\u00f3dulo Sanitario con 500 mt2 y 36 boxes de guardia para una mejor atenci\u00f3n.<\/p>\n","protected":false},"excerpt":{"rendered":"<p>Esta ma\u00f1ana llegaron al Centro de Patolog\u00edas de la V\u00eda A\u00e9rea \u201cDomingo Angio\u201d 450 dosis..<\/p>\n","protected":false},"author":2,"featured_media":7595,"comment_status":"open","ping_status":"open","sticky":false,"template":"","format":"standard","meta":{"footnotes":""},"categories":[10,3,19],"tags":[1387,891,60,1386],"class_list":["post-7594","post","type-post","status-publish","format-standard","has-post-thumbnail","hentry","category-jose-c-paz","category-municipios","category-salud","tag-450-dosis","tag-covid-19-2","tag-jose-c-paz","tag-llegaron-las-vacunas"],"_links":{"self":[{"href":"https:\/\/noticiasrec.com\/index.php?rest_route=\/wp\/v2\/posts\/7594","targetHints":{"allow":["GET"]}}],"collection":[{"href":"https:\/\/noticiasrec.com\/index.php?rest_route=\/wp\/v2\/posts"}],"about":[{"href":"https:\/\/noticiasrec.com\/index.php?rest_route=\/wp\/v2\/types\/post"}],"author":[{"embeddable":true,"href":"https:\/\/noticiasrec.com\/index.php?rest_route=\/wp\/v2\/users\/2"}],"replies":[{"embeddable":true,"href":"https:\/\/noticiasrec.com\/index.php?rest_route=%2Fwp%2Fv2%2Fcomments&post=7594"}],"version-history":[{"count":1,"href":"https:\/\/noticiasrec.com\/index.php?rest_route=\/wp\/v2\/posts\/7594\/revisions"}],"predecessor-version":[{"id":7596,"href":"https:\/\/noticiasrec.com\/index.php?rest_route=\/wp\/v2\/posts\/7594\/revisions\/7596"}],"wp:featuredmedia":[{"embeddable":true,"href":"https:\/\/noticiasrec.com\/index.php?rest_route=\/wp\/v2\/media\/7595"}],"wp:attachment":[{"href":"https:\/\/noticiasrec.com\/index.php?rest_route=%2Fwp%2Fv2%2Fmedia&parent=7594"}],"wp:term":[{"taxonomy":"category","embeddable":true,"href":"https:\/\/noticiasrec.com\/index.php?rest_route=%2Fwp%2Fv2%2Fcategories&post=7594"},{"taxonomy":"post_tag","embeddable":true,"href":"https:\/\/noticiasrec.com\/index.php?rest_route=%2Fwp%2Fv2%2Ftags&post=7594"}],"curies":[{"name":"wp","href":"https:\/\/api.w.org\/{rel}","templated":true}]}}