{"id":7562,"date":"2020-12-31T15:55:46","date_gmt":"2020-12-31T15:55:46","guid":{"rendered":"http:\/\/noticiasrec.com\/?p=7562"},"modified":"2020-12-31T15:55:46","modified_gmt":"2020-12-31T15:55:46","slug":"malvinas-argentinas-es-parte-del-programa-casa-propia","status":"publish","type":"post","link":"https:\/\/noticiasrec.com\/?p=7562","title":{"rendered":"Malvinas Argentinas es parte del Programa Casa Propia"},"content":{"rendered":"\n<p><em>&nbsp;<\/em>El intendente de Malvinas Argentinas, Leo Nardini, firm\u00f3 un acta de adhesi\u00f3n con el ministro de Desarrollo Territorial y H\u00e1bitat de la Naci\u00f3n,&nbsp;Jorge Ferraresi,&nbsp;para ser incluido dentro del Fondo Nacional Solidario de Vivienda, y que 300 familias malvinenses accedan a tener su casa propia.&nbsp;<\/p>\n\n\n\n<p>El jefe comunal afirm\u00f3: \u201cEste convenio nos da la posibilidad de poder desarrollar soluciones concretas para vecinos que no tienen la posibilidad de acceder a una vivienda digna. A trav\u00e9s de un formato diferente, alternativo, innovador y transparente, como lo es el Fondo Solidario que impuls\u00f3 Jorge Ferraresi, para que esto contin\u00fae en el tiempo y poder ayudar a muchas m\u00e1s familias en cada distrito, en la provincia de Buenos Aires y en toda la Argentina\u201d.\u00a0<\/p>\n\n\n\n<figure class=\"wp-block-image size-large\"><img loading=\"lazy\" decoding=\"async\" width=\"1024\" height=\"683\" src=\"http:\/\/noticiasrec.com\/wp-content\/uploads\/2020\/12\/IMG-20201229-WA0155-1024x683.jpg\" alt=\"\" class=\"wp-image-7564\" srcset=\"https:\/\/noticiasrec.com\/wp-content\/uploads\/2020\/12\/IMG-20201229-WA0155-1024x683.jpg 1024w, https:\/\/noticiasrec.com\/wp-content\/uploads\/2020\/12\/IMG-20201229-WA0155-300x200.jpg 300w, https:\/\/noticiasrec.com\/wp-content\/uploads\/2020\/12\/IMG-20201229-WA0155-768x512.jpg 768w, https:\/\/noticiasrec.com\/wp-content\/uploads\/2020\/12\/IMG-20201229-WA0155.jpg 1280w\" sizes=\"auto, (max-width: 1024px) 100vw, 1024px\" \/><\/figure>\n\n\n\n<p>Por su parte, Jorge Ferraresi, ministro de Desarrollo Territorial y H\u00e1bitat de la Naci\u00f3n, dijo:\u00a0\u201cVamos a modificar algunas cuestiones para que la vivienda sea un derecho, y que ese derecho se transforme en un disparador que tenga que ver con el trabajo y la posibilidad de recuperarnos. Los programas de viviendas se generan a trav\u00e9s de los municipios, hay un fondo solidario de recupero para que todas las adjudicaciones se hagan a trav\u00e9s de Anses y con un c\u00f3digo de descuento para que las cuotas se paguen obligatoriamente generando un fondo solidario. Queremos generar viviendas permanentemente en toda la Argentina\u201d.\u00a0<\/p>\n\n\n\n<p>Tambi\u00e9n fueron parte de esta firma el intendente de Escobar, Ariel Sujarchuk y el intendente de Tigre, Julio Zamora.&nbsp;<\/p>\n\n\n\n<p>\u201cLa firma de este convenio es iniciar el 2021 con una enorme esperanza de poder generar este derecho que es el de la vivienda digna. El convenio es claro, efectivo, Jorge es un hombre con mucha experiencia como intendente\u00a0y en lo que respecta a obra p\u00fablica\u201d, asegur\u00f3 Sujarchuk.\u00a0<\/p>\n\n\n\n<figure class=\"wp-block-image size-large\"><img loading=\"lazy\" decoding=\"async\" width=\"1024\" height=\"683\" src=\"http:\/\/noticiasrec.com\/wp-content\/uploads\/2020\/12\/IMG-20201229-WA0152-1024x683.jpg\" alt=\"\" class=\"wp-image-7565\" srcset=\"https:\/\/noticiasrec.com\/wp-content\/uploads\/2020\/12\/IMG-20201229-WA0152-1024x683.jpg 1024w, https:\/\/noticiasrec.com\/wp-content\/uploads\/2020\/12\/IMG-20201229-WA0152-300x200.jpg 300w, https:\/\/noticiasrec.com\/wp-content\/uploads\/2020\/12\/IMG-20201229-WA0152-768x512.jpg 768w, https:\/\/noticiasrec.com\/wp-content\/uploads\/2020\/12\/IMG-20201229-WA0152.jpg 1280w\" sizes=\"auto, (max-width: 1024px) 100vw, 1024px\" \/><\/figure>\n\n\n\n<p>Por su parte, Julio Zamora, agreg\u00f3: \u201cAgradezco al Ministro de Vivienda que es un par nuestro y comprende la problem\u00e1tica que vivimos en cada una de nuestras comunidades. El acceso a una vivienda digna tiene presencia en nuestra Constituci\u00f3n Nacional. Mediante una firma y la voluntad del Presidente de la Naci\u00f3n, va a ser operativizada a trav\u00e9s de los municipios. Este fondo solidario trata de seguir una cadena, para que la gente que aporte a trav\u00e9s de su trabajo pueda llegar a vivir dignamente como lo merece\u201d.\u00a0<\/p>\n\n\n\n<p>A trav\u00e9s del Ministerio de Desarrollo Territorial y H\u00e1bitat de la Naci\u00f3n, se har\u00e1n un total de 1.480 viviendas en la Provincia de Buenos Aires a trav\u00e9s del Programa Casa Propia. 300 se ejecutar\u00e1n en Malvinas Argentinas. Tambi\u00e9n estuvo presente en la firma de acta de adhesi\u00f3n el secretario de H\u00e1bitat de la Naci\u00f3n, Santiago Maggiotti.<\/p>\n","protected":false},"excerpt":{"rendered":"<p>&nbsp;El intendente de Malvinas Argentinas, Leo Nardini, firm\u00f3 un acta de adhesi\u00f3n con el ministro..<\/p>\n","protected":false},"author":2,"featured_media":7563,"comment_status":"open","ping_status":"open","sticky":false,"template":"","format":"standard","meta":{"footnotes":""},"categories":[9,3,31],"tags":[17,1379],"class_list":["post-7562","post","type-post","status-publish","format-standard","has-post-thumbnail","hentry","category-malvinas-argentinas","category-municipios","category-nacionales","tag-malvinas-argentinas","tag-programa-casa-propia"],"_links":{"self":[{"href":"https:\/\/noticiasrec.com\/index.php?rest_route=\/wp\/v2\/posts\/7562","targetHints":{"allow":["GET"]}}],"collection":[{"href":"https:\/\/noticiasrec.com\/index.php?rest_route=\/wp\/v2\/posts"}],"about":[{"href":"https:\/\/noticiasrec.com\/index.php?rest_route=\/wp\/v2\/types\/post"}],"author":[{"embeddable":true,"href":"https:\/\/noticiasrec.com\/index.php?rest_route=\/wp\/v2\/users\/2"}],"replies":[{"embeddable":true,"href":"https:\/\/noticiasrec.com\/index.php?rest_route=%2Fwp%2Fv2%2Fcomments&post=7562"}],"version-history":[{"count":1,"href":"https:\/\/noticiasrec.com\/index.php?rest_route=\/wp\/v2\/posts\/7562\/revisions"}],"predecessor-version":[{"id":7566,"href":"https:\/\/noticiasrec.com\/index.php?rest_route=\/wp\/v2\/posts\/7562\/revisions\/7566"}],"wp:featuredmedia":[{"embeddable":true,"href":"https:\/\/noticiasrec.com\/index.php?rest_route=\/wp\/v2\/media\/7563"}],"wp:attachment":[{"href":"https:\/\/noticiasrec.com\/index.php?rest_route=%2Fwp%2Fv2%2Fmedia&parent=7562"}],"wp:term":[{"taxonomy":"category","embeddable":true,"href":"https:\/\/noticiasrec.com\/index.php?rest_route=%2Fwp%2Fv2%2Fcategories&post=7562"},{"taxonomy":"post_tag","embeddable":true,"href":"https:\/\/noticiasrec.com\/index.php?rest_route=%2Fwp%2Fv2%2Ftags&post=7562"}],"curies":[{"name":"wp","href":"https:\/\/api.w.org\/{rel}","templated":true}]}}