{"id":7550,"date":"2020-12-31T15:28:48","date_gmt":"2020-12-31T15:28:48","guid":{"rendered":"http:\/\/noticiasrec.com\/?p=7550"},"modified":"2020-12-31T15:28:48","modified_gmt":"2020-12-31T15:28:48","slug":"el-presidente-de-la-nacion-recorrio-junto-al-intendente-ishii-obras-de-jose-c-paz","status":"publish","type":"post","link":"https:\/\/noticiasrec.com\/?p=7550","title":{"rendered":"El presidente de la naci\u00f3n recorri\u00f3 junto al intendente Ishii obras de Jos\u00e9 C. Paz"},"content":{"rendered":"\n<p>El Intendente de Jos\u00e9 C. Paz, Mario Ishii, recibi\u00f3 en su distrito al Presidente de la Naci\u00f3n, el Dr. Alberto Fern\u00e1ndez, quien recorri\u00f3 las instalaciones del Hospital Oncol\u00f3gico \u201cVictoria Irene\u201d y la futura Facultad de Medicina y Ciencias M\u00e9dicas del partido, luego junto a ministros e intendentes, el jefe comunal los acompa\u00f1\u00f3 a un almuerzo de trabajo y como cierre del a\u00f1o preparado para la ocasi\u00f3n.<\/p>\n\n\n\n<p>En horas del mediod\u00eda, el presidente Fern\u00e1ndez inici\u00f3 la visita con un recorrido por el Hospital Oncol\u00f3gico y por la Facultad de Medicina y Ciencias M\u00e9dicas de la Universidad de Jos\u00e9 C. Paz (UNPAZ) y que est\u00e1 pronta a inaugurarse.<\/p>\n\n\n\n<p><\/p>\n\n\n\n<figure class=\"wp-block-image size-large\"><img loading=\"lazy\" decoding=\"async\" width=\"1024\" height=\"682\" src=\"http:\/\/noticiasrec.com\/wp-content\/uploads\/2020\/12\/034-1024x682.jpg\" alt=\"\" class=\"wp-image-7552\" srcset=\"https:\/\/noticiasrec.com\/wp-content\/uploads\/2020\/12\/034-1024x682.jpg 1024w, https:\/\/noticiasrec.com\/wp-content\/uploads\/2020\/12\/034-300x200.jpg 300w, https:\/\/noticiasrec.com\/wp-content\/uploads\/2020\/12\/034-768x512.jpg 768w, https:\/\/noticiasrec.com\/wp-content\/uploads\/2020\/12\/034.jpg 1280w\" sizes=\"auto, (max-width: 1024px) 100vw, 1024px\" \/><\/figure>\n\n\n\n<p>El primer mandatario estuvo acompa\u00f1ado por el gobernador de Buenos Aires, Axel Kicillof; el presidente de la C\u00e1mara de Diputados, Sergio Massa; el jefe de Gabinete, Santiago Cafiero; los ministros de Interior, Eduardo de Pedro y de Obras P\u00fablicas, Gabriel Katopodis; el secretario General de la Presidencia, Julio Vitobello; la titular de Aysa, Malena Galmarini, y el intendente municipal, Mario Ishii.\u00a0<\/p>\n\n\n\n<p>En el recorrido, el jefe de Estado mostr\u00f3 admiraci\u00f3n por la modernidad y aparatolog\u00eda del Hospital Municipal Victoria Irene Ishii, donde conoci\u00f3 las salas P.E.T. y el Haifu, lugares en los que se detectan y necrosan c\u00e9lulas cancerosas. Sobre las m\u00e1quinas de alta tecnolog\u00eda m\u00e9dica, de origen chino, el mandatario asever\u00f3: \u201cEstamos trabajando mucho con China tratando de encontrar mayores puntos de encuentro, lazos y caminos de acercamiento. Estamos confiados de que el a\u00f1o que viene, sin COVID de por medio, todo va a ser mucho mejor\u201d.<\/p>\n\n\n\n<p>A su turno, el gobernador explic\u00f3 que \u201cdesde la provincia de Buenos Aires estamos conociendo algunos de los avances de la tecnolog\u00eda china que llegan a la Argentina\u201d, al tiempo que destac\u00f3 la importancia \u201cdel v\u00ednculo estrat\u00e9gico\u201d con esa naci\u00f3n en materia de salud.<\/p>\n\n\n\n<figure class=\"wp-block-image size-large\"><img loading=\"lazy\" decoding=\"async\" width=\"1024\" height=\"682\" src=\"http:\/\/noticiasrec.com\/wp-content\/uploads\/2020\/12\/031.jpg\" alt=\"\" class=\"wp-image-7553\" srcset=\"https:\/\/noticiasrec.com\/wp-content\/uploads\/2020\/12\/031.jpg 1024w, https:\/\/noticiasrec.com\/wp-content\/uploads\/2020\/12\/031-300x200.jpg 300w, https:\/\/noticiasrec.com\/wp-content\/uploads\/2020\/12\/031-768x512.jpg 768w\" sizes=\"auto, (max-width: 1024px) 100vw, 1024px\" \/><\/figure>\n\n\n\n<p>Luego, el Presidente se traslad\u00f3 a la Facultad de Medicina, ubicada en el mismo predio que el Hospital, donde pudo conocer el auditorio universitario, de aproximadamente 600 metros cuadrados, y que tiene capacidad para albergar a 500 personas.<\/p>\n\n\n\n<p>La Facultad cuenta con una superficie total de 33 mil metros cuadrados, alberga a 21.600 alumnos y tiene, en su planta baja, 94 aulas y un sector de morgue. En la planta alta concentra siete laboratorios que incluyen \u00e1reas de investigaci\u00f3n micro, qu\u00edmica org\u00e1nica, enfermer\u00eda, fisiolog\u00eda, nutrici\u00f3n, terapia intermedia, medicina complementaria, simulaci\u00f3n y microbiolog\u00eda. Adem\u00e1s, tiene un sector de posgrado e investigaci\u00f3n, coordinaci\u00f3n m\u00e9dica, y aulas de apoyo.<\/p>\n\n\n\n<p>Luego se trasladaron hacia la quinta Jano\u00b4s a un almuerzo de trabajo y de cierre del a\u00f1o, all\u00ed estuvo presente el Diputado Nacional M\u00e1ximo Kirchner, en el encuentro se establecieron acciones en conjunto para trabajar los temas m\u00e1s preponderantes en el inicio del nuevo a\u00f1o, entre ellos uno de los\u00a0 principales que destac\u00f3 tanto el intendente Ishii, como el Presidente, fueron \u201cel di\u00e1logo y la necesidad de que todos se mantengan unidos para poder lograr un mismo camino de construcci\u00f3n\u201d.<\/p>\n\n\n\n<figure class=\"wp-block-image size-large\"><img loading=\"lazy\" decoding=\"async\" width=\"1024\" height=\"689\" src=\"http:\/\/noticiasrec.com\/wp-content\/uploads\/2020\/12\/029-1024x689.jpg\" alt=\"\" class=\"wp-image-7554\" srcset=\"https:\/\/noticiasrec.com\/wp-content\/uploads\/2020\/12\/029-1024x689.jpg 1024w, https:\/\/noticiasrec.com\/wp-content\/uploads\/2020\/12\/029-300x202.jpg 300w, https:\/\/noticiasrec.com\/wp-content\/uploads\/2020\/12\/029-768x516.jpg 768w, https:\/\/noticiasrec.com\/wp-content\/uploads\/2020\/12\/029.jpg 1334w\" sizes=\"auto, (max-width: 1024px) 100vw, 1024px\" \/><\/figure>\n\n\n\n<p>Del encuentro participaron los funcionarios del gobierno nacional que estuvieron presentes en el acto de recorrida y una veintena de Intendentes de varias secciones electorales: Ariel Sujarchuk (Escobar), Juan Zabaleta (Hurlingham), Alberto Descalzo (Ituzaing\u00f3), Leonardo Nardini (Malvinas Argentinas), Gustavo Men\u00e9ndez (Merlo), Ricardo Curutchet (Marcos Paz), Mariel Fern\u00e1ndez (Moreno), Facundo Diz (Navarro), Mauro Garc\u00eda (General Rodr\u00edguez); Federico Achaval (Pilar), Lucas Ghi (Mor\u00f3n), Leonardo Boto (Luj\u00e1n), Juan Ustarroz (Mercedes), Fabi\u00e1n Cagliardi (Berisso), Julio Zamora (Tigre), Pablo Granados (Ezeiza), Fernando Moreira (San Mart\u00edn), Mariano Cascallares (Almirante Brown), Hern\u00e1n Y Zurieta (Punta Indio), Andr\u00e9s Watson (Florencio Varela), Nicol\u00e1s Mantegazza (San Vicente). Tambi\u00e9n fueron parte el Secretario de Desarrollo Territorial y H\u00e1bitat de la Naci\u00f3n, Santiago Maggiotti; el Secretario de Municipios de la Naci\u00f3n Avelino Zurro, la Ministra de Gobierno Bonaerense Teresa Garc\u00eda, el Viceministro de Salud Dr. Nicol\u00e1s Kreplak, el secretario General de la Gobernaci\u00f3n; el Presidente de la Honorable C\u00e1mara de Diputados Bonaerense Federico Otermin, Federico Thea, el Subsecretario de Asuntos Municipales Bonaerense Santiago R\u00e9vora, los Diputados Nicol\u00e1s Rodr\u00edguez Saa,&nbsp; Jos\u00e9 P\u00e9rez y Juan Pablo De Jes\u00fas; los concejales Franco La Porta (San Miguel); y el presidente de Autopistas Buenos Aires (AU.BA.SA), Javier Osuna.<\/p>\n","protected":false},"excerpt":{"rendered":"<p>El Intendente de Jos\u00e9 C. Paz, Mario Ishii, recibi\u00f3 en su distrito al Presidente de..<\/p>\n","protected":false},"author":2,"featured_media":7555,"comment_status":"open","ping_status":"open","sticky":false,"template":"","format":"standard","meta":{"footnotes":""},"categories":[10,3,31,2,19],"tags":[809,1373,60,62,1015],"class_list":["post-7550","post","type-post","status-publish","format-standard","has-post-thumbnail","hentry","category-jose-c-paz","category-municipios","category-nacionales","category-provincia","category-salud","tag-alberto-fernandez-2","tag-facultad-de-medicina-y-ciencias-medicas","tag-jose-c-paz","tag-mario-ishii","tag-presidente-de-la-nacion"],"_links":{"self":[{"href":"https:\/\/noticiasrec.com\/index.php?rest_route=\/wp\/v2\/posts\/7550","targetHints":{"allow":["GET"]}}],"collection":[{"href":"https:\/\/noticiasrec.com\/index.php?rest_route=\/wp\/v2\/posts"}],"about":[{"href":"https:\/\/noticiasrec.com\/index.php?rest_route=\/wp\/v2\/types\/post"}],"author":[{"embeddable":true,"href":"https:\/\/noticiasrec.com\/index.php?rest_route=\/wp\/v2\/users\/2"}],"replies":[{"embeddable":true,"href":"https:\/\/noticiasrec.com\/index.php?rest_route=%2Fwp%2Fv2%2Fcomments&post=7550"}],"version-history":[{"count":1,"href":"https:\/\/noticiasrec.com\/index.php?rest_route=\/wp\/v2\/posts\/7550\/revisions"}],"predecessor-version":[{"id":7556,"href":"https:\/\/noticiasrec.com\/index.php?rest_route=\/wp\/v2\/posts\/7550\/revisions\/7556"}],"wp:featuredmedia":[{"embeddable":true,"href":"https:\/\/noticiasrec.com\/index.php?rest_route=\/wp\/v2\/media\/7555"}],"wp:attachment":[{"href":"https:\/\/noticiasrec.com\/index.php?rest_route=%2Fwp%2Fv2%2Fmedia&parent=7550"}],"wp:term":[{"taxonomy":"category","embeddable":true,"href":"https:\/\/noticiasrec.com\/index.php?rest_route=%2Fwp%2Fv2%2Fcategories&post=7550"},{"taxonomy":"post_tag","embeddable":true,"href":"https:\/\/noticiasrec.com\/index.php?rest_route=%2Fwp%2Fv2%2Ftags&post=7550"}],"curies":[{"name":"wp","href":"https:\/\/api.w.org\/{rel}","templated":true}]}}