{"id":7516,"date":"2020-12-05T14:48:53","date_gmt":"2020-12-05T14:48:53","guid":{"rendered":"http:\/\/noticiasrec.com\/?p=7516"},"modified":"2020-12-05T14:53:35","modified_gmt":"2020-12-05T14:53:35","slug":"matan-de-dos-balazos-a-un-joven-en-un-ajuste-de-cuentas-en-jose-c-paz","status":"publish","type":"post","link":"https:\/\/noticiasrec.com\/?p=7516","title":{"rendered":"Matan de dos balazos a un joven en un ajuste de cuentas en Jos\u00e9 C. Paz"},"content":{"rendered":"\n<p>Un joven de 26 a\u00f1os fue asesinado de dos balazos durante una pelea con un conocido que est\u00e1 pr\u00f3fugo, en el marco de un ajuste de cuentas ocurrido en una casa del partido bonaerense de Jos\u00e9 C. Paz, informaron hoy fuentes policiales.<\/p>\n\n\n\n<p>El hecho ocurri\u00f3 el mi\u00e9rcoles a la tarde en una casa situada en Tom\u00e1s Guido y Santa Mar\u00eda, del barrio Firpo, en Jos\u00e9 C. Paz, cuando la v\u00edctima, Julio Bautista, se encontraba junto a otras cinco personas y se gener\u00f3 una pelea con una de ellas que estaba armada.<\/p>\n\n\n\n<figure class=\"wp-block-image size-large\"><img loading=\"lazy\" decoding=\"async\" width=\"768\" height=\"470\" src=\"http:\/\/noticiasrec.com\/wp-content\/uploads\/2020\/12\/Patrullero-768x470-1-1.jpg\" alt=\"\" class=\"wp-image-7521\" srcset=\"https:\/\/noticiasrec.com\/wp-content\/uploads\/2020\/12\/Patrullero-768x470-1-1.jpg 768w, https:\/\/noticiasrec.com\/wp-content\/uploads\/2020\/12\/Patrullero-768x470-1-1-300x184.jpg 300w\" sizes=\"auto, (max-width: 768px) 100vw, 768px\" \/><\/figure>\n\n\n\n<p><\/p>\n\n\n\n<p>Seg\u00fan los informantes, Bautista fue herido de dos balazos, uno en el abdomen y otro en el t\u00f3rax, que le provocaron la muerte cuando era trasladado de urgencia al Hospital Santa Mar\u00eda, en San Miguel.<\/p>\n\n\n\n<p>La investigaci\u00f3n se encuentra a cargo de personal de la comisar\u00eda 3ra. de Jos\u00e9 C. Paz, que buscaban esta ma\u00f1ana al homicida.<\/p>\n\n\n\n<p>Los pesquisas creen que el ataque fue producto de un ajuste de cuenta por cuestiones de vieja data relacionadas a la usurpaci\u00f3n de un terreno<\/p>\n\n\n\n<p>La polic\u00eda tom\u00f3 testimonio a las otras cuatro personas que estaban en la casa al momento del crimen, quienes contaron que repentinamente el agresor, de 19 a\u00f1os, atac\u00f3 a Bautista y escap\u00f3.<\/p>\n\n\n\n<p>Fuente\/\/Telam<\/p>\n","protected":false},"excerpt":{"rendered":"<p>Un joven de 26 a\u00f1os fue asesinado de dos balazos durante una pelea con un..<\/p>\n","protected":false},"author":2,"featured_media":7517,"comment_status":"open","ping_status":"open","sticky":false,"template":"","format":"standard","meta":{"footnotes":""},"categories":[10,18],"tags":[1357,1359,1358,60,1194],"class_list":["post-7516","post","type-post","status-publish","format-standard","has-post-thumbnail","hentry","category-jose-c-paz","category-policiales","tag-ajuste-de-cuentas","tag-asesinado","tag-balazos","tag-jose-c-paz","tag-joven"],"_links":{"self":[{"href":"https:\/\/noticiasrec.com\/index.php?rest_route=\/wp\/v2\/posts\/7516","targetHints":{"allow":["GET"]}}],"collection":[{"href":"https:\/\/noticiasrec.com\/index.php?rest_route=\/wp\/v2\/posts"}],"about":[{"href":"https:\/\/noticiasrec.com\/index.php?rest_route=\/wp\/v2\/types\/post"}],"author":[{"embeddable":true,"href":"https:\/\/noticiasrec.com\/index.php?rest_route=\/wp\/v2\/users\/2"}],"replies":[{"embeddable":true,"href":"https:\/\/noticiasrec.com\/index.php?rest_route=%2Fwp%2Fv2%2Fcomments&post=7516"}],"version-history":[{"count":2,"href":"https:\/\/noticiasrec.com\/index.php?rest_route=\/wp\/v2\/posts\/7516\/revisions"}],"predecessor-version":[{"id":7522,"href":"https:\/\/noticiasrec.com\/index.php?rest_route=\/wp\/v2\/posts\/7516\/revisions\/7522"}],"wp:featuredmedia":[{"embeddable":true,"href":"https:\/\/noticiasrec.com\/index.php?rest_route=\/wp\/v2\/media\/7517"}],"wp:attachment":[{"href":"https:\/\/noticiasrec.com\/index.php?rest_route=%2Fwp%2Fv2%2Fmedia&parent=7516"}],"wp:term":[{"taxonomy":"category","embeddable":true,"href":"https:\/\/noticiasrec.com\/index.php?rest_route=%2Fwp%2Fv2%2Fcategories&post=7516"},{"taxonomy":"post_tag","embeddable":true,"href":"https:\/\/noticiasrec.com\/index.php?rest_route=%2Fwp%2Fv2%2Ftags&post=7516"}],"curies":[{"name":"wp","href":"https:\/\/api.w.org\/{rel}","templated":true}]}}