{"id":7507,"date":"2020-12-03T21:13:25","date_gmt":"2020-12-03T21:13:25","guid":{"rendered":"http:\/\/noticiasrec.com\/?p=7507"},"modified":"2020-12-03T21:13:25","modified_gmt":"2020-12-03T21:13:25","slug":"ishii-eximio-del-pago-de-tasas-municipales-a-los-comercios-e-industrias-que-sufrieron-la-pandemia","status":"publish","type":"post","link":"https:\/\/noticiasrec.com\/?p=7507","title":{"rendered":"Ishii eximi\u00f3 del pago de tasas municipales a los comercios e industrias que sufrieron la pandemia"},"content":{"rendered":"\n<p>El Honorable Concejo Deliberante de Jos\u00e9 C. Paz aprob\u00f3 la iniciativa del Intendente&nbsp;<strong>Mario Ishii<\/strong>&nbsp;para bajar la presi\u00f3n tributaria en el distrito al sector empresario, con el estrat\u00e9gico objetivo de acelerar la recuperaci\u00f3n econ\u00f3mica tras la pandemia.<\/p>\n\n\n\n<p>La medida beneficia fundamentalmente al sector comercial, pilar de la econom\u00eda pace\u00f1a y con un importante rol social por la cantidad de puestos de trabajos existentes en la&nbsp; actividad mercantil.<\/p>\n\n\n\n<p>\u00abNuestro objetivo va m\u00e1s all\u00e1 de dar solo una mano para la recuperaci\u00f3n de le econom\u00eda pace\u00f1a, es que pensamos a futuro y priorizamos el rol de responsabilidad del estado municipal para que se recuperen las empresas, fundamentalmente las pymes, que crean riqueza y generan trabajo\u00bb, subray\u00f3 Ishii.<\/p>\n\n\n\n<p>Seg\u00fan el intendente, \u201cla ordenanza representa una importante bocanada de aire al comercio pace\u00f1o y acelerar\u00e1 los tiempos de recuperaci\u00f3n tras el &#8216;mazazo&#8217; que le peg\u00f3 la pandemia a la actividad comercial en todo el distrito\u00bb.<\/p>\n\n\n\n<p>La ordenanza expresa lo siguiente:&nbsp;<em>\u201c<\/em><strong><em>ARTICULO 1\u00ba:<\/em><\/strong><em>&nbsp;<strong>EXIMIR<\/strong>&nbsp;el pago de los CAP\u00cdTULO V: TASA POR INSPECCI\u00d3N DE SEGURIDAD E HIGIENE Y CAPITULO VI: TRIBUTO POR PUBLICIDAD Y PROPAGANDA correspondiente a la Ordenanza Tarifaria 2.020 por los per\u00edodos que se han visto impedidos de funcionar los establecimientos industriales y comerciales del Partido de Jos\u00e9 C. Paz que no han sido declarados de car\u00e1cter esencial por el Decreto Nacional 297\/2020 y la normativa concordante\u201d<\/em><\/p>\n\n\n\n<p><strong><em>ARTICULO 2\u00b0<\/em><\/strong><em>:&nbsp;<strong>LA<\/strong>&nbsp;eximici\u00f3n establecida en el art\u00edculo primero ser\u00e1 de un cien por ciento (100%) para los Comercios e Industrias que no registraban deuda por la Tasa de Seguridad e Higiene al 29 de Febrero de 2020, todo comerciante que tenga deuda al 29 de Febrero de 2.020, para acceder al beneficio deber\u00e1 acogerse a la moratoria.-<\/em><\/p>\n\n\n\n<p><strong><em>ARTICULO 3\u00b0:<\/em><\/strong><strong><em>&nbsp;A&nbsp;<\/em><\/strong><em>todos los Comercios e Industrias que no hayan podido desempe\u00f1ar su actividad, pero han abonado el impuesto municipal, les quedar\u00e1 un saldo a favor en la pr\u00f3xima facturaci\u00f3n del monto abonado.-<\/em><\/p>\n\n\n\n<p><strong><em>ARTICULO 4\u00b0:<\/em><\/strong><strong><em>&nbsp;EN<\/em><\/strong><em>&nbsp;aquellos per\u00edodos en los cuales la imposibilidad de funcionar no abarc\u00f3 el per\u00edodo completo, la eximici\u00f3n ser\u00e1 proporcional.-<\/em><\/p>\n\n\n\n<p><strong><em>ARTICULO 5\u00b0:<\/em><\/strong><em>&nbsp;<strong>LA<\/strong>&nbsp;exenci\u00f3n deber\u00e1 ser solicitada por escrito por el contribuyente mediante nota dirigida al Sr. Intendente y presentada ante la Mesa General de Entradas.<\/em><\/p>\n\n\n\n<p><strong><em>ARTICULO 6\u00b0:<\/em><\/strong><em>&nbsp;<strong>AUTOR\u00cdZASE<\/strong>&nbsp;al Departamento Ejecutivo a prorrogar los planes de pago solicitado por los contribuyentes incluidos en el art\u00edculo 1\u00b0, los vencimientos de las cuotas que operen a partir de marzo de 2.020, trasladando los mismos a partir del de Enero de 2.021. La solicitud deber\u00e1 ser realizada por el contribuyente por escrito mediante nota dirigida al Sr. Intendente ante la Mesa General de Entradas Municipal. &#8211;<\/em><\/p>\n\n\n\n<p><strong><em>ARTICULO 7\u00b0:<\/em><\/strong><strong><em>&nbsp;DURANTE<\/em><\/strong><em>&nbsp;el tiempo de la emergencia, susp\u00e9ndase el inicio de los Juicios de Apremios por el pago de TSH adeudadas en relaci\u00f3n a aquellos contribuyentes que se encuentren alcanzados por el Art. 1 de la presente Ordenanza.-<\/em><\/p>\n\n\n\n<p><strong><em>ART\u00cdCULO 8\u00b0:<\/em><\/strong><strong><em>&nbsp;A&nbsp;<\/em><\/strong><em>todos aquellos jubilados, pensionados, discapacitados, Veteranos de Guerra que hayan obtenido la eximici\u00f3n del pago de tasas, derechos y tributos municipales por el a\u00f1o 2.019 que no hayan concurrido a efectuar su renovaci\u00f3n por el a\u00f1o 2.020, considerando la situaci\u00f3n de emergencia sanitaria, se les otorgar\u00e1 dicha Eximici\u00f3n y exclusivamente por tal per\u00edodo, sin efectuar tr\u00e1mite alguno. Asimismo los que hayan realizado el expediente en el a\u00f1o 2.020 solicitando la eximici\u00f3n, durante el per\u00edodo de confinamiento, obtendr\u00e1n el mismo beneficio.\u201d<\/em><\/p>\n\n\n\n<p>Para el intendente Mario Ishii, las pymes son protagonistas para el desarrollo econ\u00f3mico de Jos\u00e9 C. Paz.<\/p>\n\n\n\n<p>La ordenanza, impulsada por el Departamento Ejecutivo municipal, fue acompa\u00f1ada por todos los bloques del Concejo Deliberante local y votada por unanimidad.<\/p>\n\n\n\n<p>Para que los comerciantes puedan acceder a este beneficio otorgado en la gesti\u00f3n del Intendente Municipal, Mario Ishii, deben acercarse al \u00e1rea de Mesa General de Entradas de la comuna, dentro del palacio municipal (ubicado en Av. Gaspar Campos 6151) justificando los meses que estuvieron cerrados por la pandemia.<\/p>\n","protected":false},"excerpt":{"rendered":"<p>El Honorable Concejo Deliberante de Jos\u00e9 C. Paz aprob\u00f3 la iniciativa del Intendente&nbsp;Mario Ishii&nbsp;para bajar..<\/p>\n","protected":false},"author":2,"featured_media":7508,"comment_status":"open","ping_status":"open","sticky":false,"template":"","format":"standard","meta":{"footnotes":""},"categories":[51,10,3],"tags":[1352,1350,60,62,1351,952],"class_list":["post-7507","post","type-post","status-publish","format-standard","has-post-thumbnail","hentry","category-economia","category-jose-c-paz","category-municipios","tag-comercios-e-industrias","tag-eximio","tag-jose-c-paz","tag-mario-ishii","tag-pago-de-tasas-municipales","tag-pandemia"],"_links":{"self":[{"href":"https:\/\/noticiasrec.com\/index.php?rest_route=\/wp\/v2\/posts\/7507","targetHints":{"allow":["GET"]}}],"collection":[{"href":"https:\/\/noticiasrec.com\/index.php?rest_route=\/wp\/v2\/posts"}],"about":[{"href":"https:\/\/noticiasrec.com\/index.php?rest_route=\/wp\/v2\/types\/post"}],"author":[{"embeddable":true,"href":"https:\/\/noticiasrec.com\/index.php?rest_route=\/wp\/v2\/users\/2"}],"replies":[{"embeddable":true,"href":"https:\/\/noticiasrec.com\/index.php?rest_route=%2Fwp%2Fv2%2Fcomments&post=7507"}],"version-history":[{"count":1,"href":"https:\/\/noticiasrec.com\/index.php?rest_route=\/wp\/v2\/posts\/7507\/revisions"}],"predecessor-version":[{"id":7509,"href":"https:\/\/noticiasrec.com\/index.php?rest_route=\/wp\/v2\/posts\/7507\/revisions\/7509"}],"wp:featuredmedia":[{"embeddable":true,"href":"https:\/\/noticiasrec.com\/index.php?rest_route=\/wp\/v2\/media\/7508"}],"wp:attachment":[{"href":"https:\/\/noticiasrec.com\/index.php?rest_route=%2Fwp%2Fv2%2Fmedia&parent=7507"}],"wp:term":[{"taxonomy":"category","embeddable":true,"href":"https:\/\/noticiasrec.com\/index.php?rest_route=%2Fwp%2Fv2%2Fcategories&post=7507"},{"taxonomy":"post_tag","embeddable":true,"href":"https:\/\/noticiasrec.com\/index.php?rest_route=%2Fwp%2Fv2%2Ftags&post=7507"}],"curies":[{"name":"wp","href":"https:\/\/api.w.org\/{rel}","templated":true}]}}