{"id":7489,"date":"2020-11-25T12:57:36","date_gmt":"2020-11-25T12:57:36","guid":{"rendered":"http:\/\/noticiasrec.com\/?p=7489"},"modified":"2020-11-25T12:57:36","modified_gmt":"2020-11-25T12:57:36","slug":"jose-c-paz-nuevo-movil-completamente-equipado-para-defensa-civil","status":"publish","type":"post","link":"https:\/\/noticiasrec.com\/?p=7489","title":{"rendered":"Jos\u00e9 C. Paz: Nuevo movil completamente equipado para Defensa Civil"},"content":{"rendered":"\n<p> La Direcci\u00f3n de Defensa Civil, dependiente de la Secretar\u00eda de Seguridad, recibi\u00f3 en el d\u00eda de hoy una nueva camioneta para realizar sus labores, completamente equipada con escaleras, tablas espinales, motobomba, generadores y motosierras, entre otras herramientas.<\/p>\n\n\n\n<p>Esta entrega se enmarca en la conmemoraci\u00f3n del D\u00eda Nacional de Defensa Civil y se suma a la dotaci\u00f3n de 4 camionetas que utiliza la direcci\u00f3n para realizar diariamente sus trabajos.<\/p>\n\n\n\n<p>La comunidad pace\u00f1a valora la importante labor que d\u00eda a d\u00eda lleva a cabo la direcci\u00f3n en protecci\u00f3n de los vecinos.  <\/p>\n","protected":false},"excerpt":{"rendered":"<p>La Direcci\u00f3n de Defensa Civil, dependiente de la Secretar\u00eda de Seguridad, recibi\u00f3 en el d\u00eda..<\/p>\n","protected":false},"author":2,"featured_media":7490,"comment_status":"open","ping_status":"open","sticky":false,"template":"","format":"standard","meta":{"footnotes":""},"categories":[10,3],"tags":[1339,1340,60,1338],"class_list":["post-7489","post","type-post","status-publish","format-standard","has-post-thumbnail","hentry","category-jose-c-paz","category-municipios","tag-defensa-civil","tag-equipado","tag-jose-c-paz","tag-nuevo-movil"],"_links":{"self":[{"href":"https:\/\/noticiasrec.com\/index.php?rest_route=\/wp\/v2\/posts\/7489","targetHints":{"allow":["GET"]}}],"collection":[{"href":"https:\/\/noticiasrec.com\/index.php?rest_route=\/wp\/v2\/posts"}],"about":[{"href":"https:\/\/noticiasrec.com\/index.php?rest_route=\/wp\/v2\/types\/post"}],"author":[{"embeddable":true,"href":"https:\/\/noticiasrec.com\/index.php?rest_route=\/wp\/v2\/users\/2"}],"replies":[{"embeddable":true,"href":"https:\/\/noticiasrec.com\/index.php?rest_route=%2Fwp%2Fv2%2Fcomments&post=7489"}],"version-history":[{"count":1,"href":"https:\/\/noticiasrec.com\/index.php?rest_route=\/wp\/v2\/posts\/7489\/revisions"}],"predecessor-version":[{"id":7491,"href":"https:\/\/noticiasrec.com\/index.php?rest_route=\/wp\/v2\/posts\/7489\/revisions\/7491"}],"wp:featuredmedia":[{"embeddable":true,"href":"https:\/\/noticiasrec.com\/index.php?rest_route=\/wp\/v2\/media\/7490"}],"wp:attachment":[{"href":"https:\/\/noticiasrec.com\/index.php?rest_route=%2Fwp%2Fv2%2Fmedia&parent=7489"}],"wp:term":[{"taxonomy":"category","embeddable":true,"href":"https:\/\/noticiasrec.com\/index.php?rest_route=%2Fwp%2Fv2%2Fcategories&post=7489"},{"taxonomy":"post_tag","embeddable":true,"href":"https:\/\/noticiasrec.com\/index.php?rest_route=%2Fwp%2Fv2%2Ftags&post=7489"}],"curies":[{"name":"wp","href":"https:\/\/api.w.org\/{rel}","templated":true}]}}