{"id":7486,"date":"2020-11-25T12:36:05","date_gmt":"2020-11-25T12:36:05","guid":{"rendered":"http:\/\/noticiasrec.com\/?p=7486"},"modified":"2020-11-25T12:36:05","modified_gmt":"2020-11-25T12:36:05","slug":"coronavirus-el-gobierno-preve-empezar-a-vacunar-en-la-primera-quincena-de-enero","status":"publish","type":"post","link":"https:\/\/noticiasrec.com\/?p=7486","title":{"rendered":"Coronavirus: El Gobierno prev\u00e9 empezar a vacunar en la primera quincena de enero"},"content":{"rendered":"\n<p> El Gobierno nacional espera iniciar la vacunaci\u00f3n para la prevenci\u00f3n del coronavirus \u00aben la primera quincena de enero\u00bb, anunci\u00f3 el ministro de Salud, Gin\u00e9s Gonz\u00e1lez Garc\u00eda, luego de una reuni\u00f3n de funcionarios que encabez\u00f3 el presidente Alberto Fern\u00e1ndez en la Casa Rosada.<\/p>\n\n\n\n<p>El mandatario nacional lider\u00f3 la primera reuni\u00f3n del Comit\u00e9 de Vacunaci\u00f3n que trabaja en el dise\u00f1o de la log\u00edstica de la distribuci\u00f3n y aplicaci\u00f3n de las vacunas contra el COVID-19 de las que dispondr\u00e1 el Gobierno nacional pr\u00f3ximamente. <\/p>\n\n\n\n<p>\n\nGonz\u00e1lez Garc\u00eda dijo a los medios que se estima que la vacunaci\u00f3n empezar\u00e1 \u00aben la primera quincena de enero\u00bb y que \u00ablo primero ser\u00e1 eliminar la mortalidad en los grupos de riesgo y luego extender la vacunaci\u00f3n a la poblaci\u00f3n para que no se mantengan los contagios\u00bb y \u00abse corte la cadena de transmisi\u00f3n\u00bb.<\/p>\n\n\n\n<p>En ese marco indic\u00f3 que \u00abm\u00e1s de 12 millones de personas son grupos de riesgo y personal estrat\u00e9gico, personas de m\u00e1s de 60 a\u00f1os, docentes, de salud, fuerzas armadas y seguridad, que ser\u00e1n vacunados en primera instancia\u00bb, y quedar\u00e1n fuera del programa \u00abmenores de 18 a\u00f1os\u00bb que no tengan comorbilidades \u00abporque no hay recomendaci\u00f3n cient\u00edfica\u00bb de que deban recibir una dosis.<\/p>\n\n\n\n<p>Gonz\u00e1lez Garc\u00eda cont\u00f3 que el Gobierno firm\u00f3 contrato a trav\u00e9s del mecanismo internacional Covax por nueve millones de dosis y con Oxford-AstraZeneca por 22 millones, adem\u00e1s de los convenios con la rusa Sputnik V y con la de Pfizer, \u00abque son las primeras que estar\u00edan\u00bb disponibles, y destac\u00f3 que \u00abhay vacunas que son una sola dosis y son una ventaja\u00bb.<\/p>\n\n\n\n<p>El Comit\u00e9 de Vacunaci\u00f3n dise\u00f1ar\u00e1 la log\u00edstica de la distribuci\u00f3n y aplicaci\u00f3n de las vacunas contra el COVID-19 de las que dispondr\u00e1 el Gobierno nacional en los pr\u00f3ximos meses, en la que 60.000 agentes de vacunaci\u00f3n tendr\u00e1n programas de capacitaci\u00f3n masivos, y en el cual en las provincias se utilizar\u00e1n las escuelas para dar las aplicaciones.\n\n<\/p>\n","protected":false},"excerpt":{"rendered":"<p>El Gobierno nacional espera iniciar la vacunaci\u00f3n para la prevenci\u00f3n del coronavirus \u00aben la primera..<\/p>\n","protected":false},"author":2,"featured_media":7487,"comment_status":"open","ping_status":"open","sticky":false,"template":"","format":"standard","meta":{"footnotes":""},"categories":[31,19,5],"tags":[809,707,1337,1317,1336,1106],"class_list":["post-7486","post","type-post","status-publish","format-standard","has-post-thumbnail","hentry","category-nacionales","category-salud","category-sociedad","tag-alberto-fernandez-2","tag-coronavirus","tag-enero","tag-gines-gonzalez-garcia","tag-primera-quincena","tag-vacunacion"],"_links":{"self":[{"href":"https:\/\/noticiasrec.com\/index.php?rest_route=\/wp\/v2\/posts\/7486","targetHints":{"allow":["GET"]}}],"collection":[{"href":"https:\/\/noticiasrec.com\/index.php?rest_route=\/wp\/v2\/posts"}],"about":[{"href":"https:\/\/noticiasrec.com\/index.php?rest_route=\/wp\/v2\/types\/post"}],"author":[{"embeddable":true,"href":"https:\/\/noticiasrec.com\/index.php?rest_route=\/wp\/v2\/users\/2"}],"replies":[{"embeddable":true,"href":"https:\/\/noticiasrec.com\/index.php?rest_route=%2Fwp%2Fv2%2Fcomments&post=7486"}],"version-history":[{"count":1,"href":"https:\/\/noticiasrec.com\/index.php?rest_route=\/wp\/v2\/posts\/7486\/revisions"}],"predecessor-version":[{"id":7488,"href":"https:\/\/noticiasrec.com\/index.php?rest_route=\/wp\/v2\/posts\/7486\/revisions\/7488"}],"wp:featuredmedia":[{"embeddable":true,"href":"https:\/\/noticiasrec.com\/index.php?rest_route=\/wp\/v2\/media\/7487"}],"wp:attachment":[{"href":"https:\/\/noticiasrec.com\/index.php?rest_route=%2Fwp%2Fv2%2Fmedia&parent=7486"}],"wp:term":[{"taxonomy":"category","embeddable":true,"href":"https:\/\/noticiasrec.com\/index.php?rest_route=%2Fwp%2Fv2%2Fcategories&post=7486"},{"taxonomy":"post_tag","embeddable":true,"href":"https:\/\/noticiasrec.com\/index.php?rest_route=%2Fwp%2Fv2%2Ftags&post=7486"}],"curies":[{"name":"wp","href":"https:\/\/api.w.org\/{rel}","templated":true}]}}