{"id":7463,"date":"2020-11-09T13:09:49","date_gmt":"2020-11-09T13:09:49","guid":{"rendered":"http:\/\/noticiasrec.com\/?p=7463"},"modified":"2020-11-09T13:09:49","modified_gmt":"2020-11-09T13:09:49","slug":"avanza-el-plan-de-bacheo-de-calles-en-san-miguel","status":"publish","type":"post","link":"https:\/\/noticiasrec.com\/?p=7463","title":{"rendered":"Avanza el plan de bacheo de calles en San Miguel"},"content":{"rendered":"\n<p><strong>Las tareas se hacen en distintas zonas c\u00e9ntricas y transitadas del distrito para mejorar la circulaci\u00f3n.<br><\/strong><br>Adem\u00e1s de continuar con diversas obras de infraestructura, la Municipalidad de San Miguel avanza con importantes trabajos de bacheo en calles transitadas de distintos barrios, realizados con una m\u00e1quina bacheadora especial.<\/p>\n\n\n\n<p>M\u00e1s all\u00e1 de las tareas de bacheo generales que se realizan durante todo el a\u00f1o, desde hace dos semanas se comenz\u00f3 a trabajar con esta m\u00e1quina que tiene alto rendimiento. Ya se taparon 210 baches y se espera que para fin de a\u00f1o se cubran 370 m\u00e1s, alcanzando un total de 580.<\/p>\n\n\n\n<p>En una primera etapa se implement\u00f3 sobre la calle Irusta, entre Chapeaurouge y Gaboto. Luego se cubrieron baches en el centro de San Miguel y Mu\u00f1iz y ahora se est\u00e1 haciendo lo mismo en Mattaldi. Pr\u00f3ximamente la m\u00e1quina estar\u00e1 por Barrufaldi y otros barrios del distrito.\n\n<\/p>\n","protected":false},"excerpt":{"rendered":"<p>Las tareas se hacen en distintas zonas c\u00e9ntricas y transitadas del distrito para mejorar la..<\/p>\n","protected":false},"author":2,"featured_media":7464,"comment_status":"open","ping_status":"open","sticky":false,"template":"","format":"standard","meta":{"footnotes":""},"categories":[3,8],"tags":[1310,1312,1309,57,1311],"class_list":["post-7463","post","type-post","status-publish","format-standard","has-post-thumbnail","hentry","category-municipios","category-san-miguel","tag-calles","tag-maquina-bacheadora","tag-plan-de-bacheo","tag-san-miguel","tag-zonas-centricas"],"_links":{"self":[{"href":"https:\/\/noticiasrec.com\/index.php?rest_route=\/wp\/v2\/posts\/7463","targetHints":{"allow":["GET"]}}],"collection":[{"href":"https:\/\/noticiasrec.com\/index.php?rest_route=\/wp\/v2\/posts"}],"about":[{"href":"https:\/\/noticiasrec.com\/index.php?rest_route=\/wp\/v2\/types\/post"}],"author":[{"embeddable":true,"href":"https:\/\/noticiasrec.com\/index.php?rest_route=\/wp\/v2\/users\/2"}],"replies":[{"embeddable":true,"href":"https:\/\/noticiasrec.com\/index.php?rest_route=%2Fwp%2Fv2%2Fcomments&post=7463"}],"version-history":[{"count":1,"href":"https:\/\/noticiasrec.com\/index.php?rest_route=\/wp\/v2\/posts\/7463\/revisions"}],"predecessor-version":[{"id":7465,"href":"https:\/\/noticiasrec.com\/index.php?rest_route=\/wp\/v2\/posts\/7463\/revisions\/7465"}],"wp:featuredmedia":[{"embeddable":true,"href":"https:\/\/noticiasrec.com\/index.php?rest_route=\/wp\/v2\/media\/7464"}],"wp:attachment":[{"href":"https:\/\/noticiasrec.com\/index.php?rest_route=%2Fwp%2Fv2%2Fmedia&parent=7463"}],"wp:term":[{"taxonomy":"category","embeddable":true,"href":"https:\/\/noticiasrec.com\/index.php?rest_route=%2Fwp%2Fv2%2Fcategories&post=7463"},{"taxonomy":"post_tag","embeddable":true,"href":"https:\/\/noticiasrec.com\/index.php?rest_route=%2Fwp%2Fv2%2Ftags&post=7463"}],"curies":[{"name":"wp","href":"https:\/\/api.w.org\/{rel}","templated":true}]}}