{"id":7460,"date":"2020-11-09T12:48:28","date_gmt":"2020-11-09T12:48:28","guid":{"rendered":"http:\/\/noticiasrec.com\/?p=7460"},"modified":"2020-11-09T12:48:28","modified_gmt":"2020-11-09T12:48:28","slug":"desbaratan-fiesta-clandestina-con-mas-de-300-jovenes-en-jose-c-paz","status":"publish","type":"post","link":"https:\/\/noticiasrec.com\/?p=7460","title":{"rendered":"Desbaratan fiesta clandestina con m\u00e1s de 300 j\u00f3venes en Jos\u00e9 C. Paz"},"content":{"rendered":"\n<p><strong>El director provincial para la Gesti\u00f3n de la Seguridad Privada bonaerense, Marcelo Montero, encabez\u00f3 este fin de semana una serie de operativos de control de la nocturnidad durante los que se desactiv\u00f3 una fiesta privada en Jos\u00e9 C Paz de la que participaban m\u00e1s de 300 j\u00f3venes, en su mayor\u00eda menores.<\/strong><\/p>\n\n\n\n<p>Durante los procedimientos, personal especializado en el control de espect\u00e1culos, junto con el grupo de apoyo de fuerzas especiales de la polic\u00eda de la provincia de Buenos Aires, coordinaron el desalojo de la vivienda de forma controlada y sin disturbios, inform\u00f3 esta tarde el ministerio de Seguridad bonaerense.<\/p>\n\n\n\n<p>Montero explic\u00f3 que \u00aba este tipo de fiestas se llega a trav\u00e9s de las denuncias de los vecinos a la l\u00ednea 911. Recurre en primera instancia el grupo que se encuentra m\u00e1s pr\u00f3ximo al lugar, ya que generalmente est\u00e1n recorriendo pubs y restaurant de los diferentes municipios, controlando habilitaciones e instando a la gente y propietarios que se respeten las normas del nuevo DSPO (Distanciamiento Social Preventivo Obligatorio)\u00bb.<\/p>\n\n\n\n<p>El funcionario destac\u00f3 finalmente que se trabaja en \u00abel control de las normas habituales y para cuidar a todos los bonaerenses de la propagaci\u00f3n del Covid19. Necesitamos contar con la colaboraci\u00f3n de toda la comunidad y especialmente de los organizadores y empresarios de los espacios de esparcimiento y nocturnidad\u00bb.\n\n<\/p>\n","protected":false},"excerpt":{"rendered":"<p>El director provincial para la Gesti\u00f3n de la Seguridad Privada bonaerense, Marcelo Montero, encabez\u00f3 este..<\/p>\n","protected":false},"author":2,"featured_media":7461,"comment_status":"open","ping_status":"open","sticky":false,"template":"","format":"standard","meta":{"footnotes":""},"categories":[10,3,18],"tags":[1306,1308,1305,60,1307],"class_list":["post-7460","post","type-post","status-publish","format-standard","has-post-thumbnail","hentry","category-jose-c-paz","category-municipios","category-policiales","tag-300-jovenes","tag-desbaratan","tag-fiesta-clandestina","tag-jose-c-paz","tag-participaban"],"_links":{"self":[{"href":"https:\/\/noticiasrec.com\/index.php?rest_route=\/wp\/v2\/posts\/7460","targetHints":{"allow":["GET"]}}],"collection":[{"href":"https:\/\/noticiasrec.com\/index.php?rest_route=\/wp\/v2\/posts"}],"about":[{"href":"https:\/\/noticiasrec.com\/index.php?rest_route=\/wp\/v2\/types\/post"}],"author":[{"embeddable":true,"href":"https:\/\/noticiasrec.com\/index.php?rest_route=\/wp\/v2\/users\/2"}],"replies":[{"embeddable":true,"href":"https:\/\/noticiasrec.com\/index.php?rest_route=%2Fwp%2Fv2%2Fcomments&post=7460"}],"version-history":[{"count":1,"href":"https:\/\/noticiasrec.com\/index.php?rest_route=\/wp\/v2\/posts\/7460\/revisions"}],"predecessor-version":[{"id":7462,"href":"https:\/\/noticiasrec.com\/index.php?rest_route=\/wp\/v2\/posts\/7460\/revisions\/7462"}],"wp:featuredmedia":[{"embeddable":true,"href":"https:\/\/noticiasrec.com\/index.php?rest_route=\/wp\/v2\/media\/7461"}],"wp:attachment":[{"href":"https:\/\/noticiasrec.com\/index.php?rest_route=%2Fwp%2Fv2%2Fmedia&parent=7460"}],"wp:term":[{"taxonomy":"category","embeddable":true,"href":"https:\/\/noticiasrec.com\/index.php?rest_route=%2Fwp%2Fv2%2Fcategories&post=7460"},{"taxonomy":"post_tag","embeddable":true,"href":"https:\/\/noticiasrec.com\/index.php?rest_route=%2Fwp%2Fv2%2Ftags&post=7460"}],"curies":[{"name":"wp","href":"https:\/\/api.w.org\/{rel}","templated":true}]}}