{"id":7410,"date":"2020-10-27T13:00:43","date_gmt":"2020-10-27T13:00:43","guid":{"rendered":"http:\/\/noticiasrec.com\/?p=7410"},"modified":"2020-10-27T13:00:43","modified_gmt":"2020-10-27T13:00:43","slug":"gollan-las-primeras-vacunas-podrian-estar-en-diciembre-y-baja-de-casos-en-amba","status":"publish","type":"post","link":"https:\/\/noticiasrec.com\/?p=7410","title":{"rendered":"Gollan: las primeras vacunas podr\u00edan estar en diciembre y baja de casos en AMBA"},"content":{"rendered":"\n<p>\n\nEl ministro de Salud de la provincia de Buenos Aires, Daniel Gollan ratific\u00f3 hoy que las primeras vacunas contra el coronavirus podr\u00edan llegar al pa\u00eds en diciembre y resalt\u00f3 la baja de contagios en la zona metropolitana del AMBA \u201cque lleva un descenso sostenido las \u00faltimas ocho semanas\u201d.<\/p>\n\n\n\n<p>\u201cTenemos noticias que habr\u00eda una tanda de vacunas disponible antes de fin de a\u00f1o pero alcanzar\u00edan para un grupo de los considerados de mayor riesgo de propagaci\u00f3n\u201d, sostuvo el ministro.<\/p>\n\n\n\n<p>En declaraciones a CNN Radio, Gollan explic\u00f3 que el ministro de Salud de la Naci\u00f3n \u201cha dicho que los primeros que recibir\u00e1n la vacuna ser\u00edan los trabajadores de la salud\u201d.<\/p>\n\n\n\n<p>\u201cLuego habr\u00e1 que ver la disponibilidad, pero marzo ya es una fecha certera en la que va a haber una disponibilidad importante de vacunas\u201d, precis\u00f3.<\/p>\n\n\n\n<p>Gollan ratific\u00f3, adem\u00e1s, que el Gobierno provincial continuar\u00e1 con la apertura de m\u00e1s actividades en la zona del AMBA \u201csi contin\u00faa el descenso de contagios tal como lo que ocurri\u00f3 en las \u00faltimas ocho semanas\u201d.<\/p>\n\n\n\n<p>\u201dEn el AMBA llegamos a tener un promedio de 5.300 casos diarios, y en estas \u00faltimas semanas fue descendiendo, hasta ayer que termin\u00f3 en unos 2.500 casos\u201d, puntualiz\u00f3.\n\n<\/p>\n","protected":false},"excerpt":{"rendered":"<p>El ministro de Salud de la provincia de Buenos Aires, Daniel Gollan ratific\u00f3 hoy que..<\/p>\n","protected":false},"author":2,"featured_media":7411,"comment_status":"open","ping_status":"open","sticky":false,"template":"","format":"standard","meta":{"footnotes":""},"categories":[3,31,19,5],"tags":[787,1251,1249,1252,1250,1248,343],"class_list":["post-7410","post","type-post","status-publish","format-standard","has-post-thumbnail","hentry","category-municipios","category-nacionales","category-salud","category-sociedad","tag-amba","tag-baja-de-casos","tag-daniel-gollan","tag-descenso","tag-diciembre","tag-ministro-de-salud","tag-vacunas"],"_links":{"self":[{"href":"https:\/\/noticiasrec.com\/index.php?rest_route=\/wp\/v2\/posts\/7410","targetHints":{"allow":["GET"]}}],"collection":[{"href":"https:\/\/noticiasrec.com\/index.php?rest_route=\/wp\/v2\/posts"}],"about":[{"href":"https:\/\/noticiasrec.com\/index.php?rest_route=\/wp\/v2\/types\/post"}],"author":[{"embeddable":true,"href":"https:\/\/noticiasrec.com\/index.php?rest_route=\/wp\/v2\/users\/2"}],"replies":[{"embeddable":true,"href":"https:\/\/noticiasrec.com\/index.php?rest_route=%2Fwp%2Fv2%2Fcomments&post=7410"}],"version-history":[{"count":1,"href":"https:\/\/noticiasrec.com\/index.php?rest_route=\/wp\/v2\/posts\/7410\/revisions"}],"predecessor-version":[{"id":7412,"href":"https:\/\/noticiasrec.com\/index.php?rest_route=\/wp\/v2\/posts\/7410\/revisions\/7412"}],"wp:featuredmedia":[{"embeddable":true,"href":"https:\/\/noticiasrec.com\/index.php?rest_route=\/wp\/v2\/media\/7411"}],"wp:attachment":[{"href":"https:\/\/noticiasrec.com\/index.php?rest_route=%2Fwp%2Fv2%2Fmedia&parent=7410"}],"wp:term":[{"taxonomy":"category","embeddable":true,"href":"https:\/\/noticiasrec.com\/index.php?rest_route=%2Fwp%2Fv2%2Fcategories&post=7410"},{"taxonomy":"post_tag","embeddable":true,"href":"https:\/\/noticiasrec.com\/index.php?rest_route=%2Fwp%2Fv2%2Ftags&post=7410"}],"curies":[{"name":"wp","href":"https:\/\/api.w.org\/{rel}","templated":true}]}}