{"id":7406,"date":"2020-10-27T12:39:11","date_gmt":"2020-10-27T12:39:11","guid":{"rendered":"http:\/\/noticiasrec.com\/?p=7406"},"modified":"2020-10-27T12:39:11","modified_gmt":"2020-10-27T12:39:11","slug":"san-miguel-contara-con-un-centro-de-operaciones-de-gendarmeria","status":"publish","type":"post","link":"https:\/\/noticiasrec.com\/?p=7406","title":{"rendered":"San Miguel contar\u00e1 con un Centro de Operaciones de Gendarmer\u00eda"},"content":{"rendered":"\n<p>La Municipalidad de San Miguel cedi\u00f3 a Gendarmer\u00eda Nacional un edificio donde pronto comenzar\u00e1 a funcionar el primer Centro de Operaciones de la fuerza en el distrito.<\/p>\n\n\n\n<p>En los \u00faltimos d\u00edas el intendente Jaime M\u00e9ndez recorri\u00f3 el edificio, ubicado en Barrio Manuelita, junto a personal de la Secretar\u00eda de Seguridad y de Gendarmer\u00eda Nacional.<\/p>\n\n\n\n<p>Se trata de un nuevo espacio que ser\u00e1 utilizado por m\u00e1s de 100 efectivos de la fuerza para distintos trabajos, tareas de log\u00edstica y descanso.<\/p>\n\n\n\n<p>Es una gran noticia para el municipio, ya que le permitir\u00e1 continuar con las acciones conjuntas y seguir reforzando la seguridad de todos los vecinos.\n\n<\/p>\n","protected":false},"excerpt":{"rendered":"<p>La Municipalidad de San Miguel cedi\u00f3 a Gendarmer\u00eda Nacional un edificio donde pronto comenzar\u00e1 a..<\/p>\n","protected":false},"author":2,"featured_media":7407,"comment_status":"open","ping_status":"open","sticky":false,"template":"","format":"standard","meta":{"footnotes":""},"categories":[3,8],"tags":[1247,1246,1245,55,57],"class_list":["post-7406","post","type-post","status-publish","format-standard","has-post-thumbnail","hentry","category-municipios","category-san-miguel","tag-100-efectivos","tag-barrio-manuelita","tag-centro-de-operaciones-de-gendarmeria","tag-jaime-mendez","tag-san-miguel"],"_links":{"self":[{"href":"https:\/\/noticiasrec.com\/index.php?rest_route=\/wp\/v2\/posts\/7406","targetHints":{"allow":["GET"]}}],"collection":[{"href":"https:\/\/noticiasrec.com\/index.php?rest_route=\/wp\/v2\/posts"}],"about":[{"href":"https:\/\/noticiasrec.com\/index.php?rest_route=\/wp\/v2\/types\/post"}],"author":[{"embeddable":true,"href":"https:\/\/noticiasrec.com\/index.php?rest_route=\/wp\/v2\/users\/2"}],"replies":[{"embeddable":true,"href":"https:\/\/noticiasrec.com\/index.php?rest_route=%2Fwp%2Fv2%2Fcomments&post=7406"}],"version-history":[{"count":1,"href":"https:\/\/noticiasrec.com\/index.php?rest_route=\/wp\/v2\/posts\/7406\/revisions"}],"predecessor-version":[{"id":7408,"href":"https:\/\/noticiasrec.com\/index.php?rest_route=\/wp\/v2\/posts\/7406\/revisions\/7408"}],"wp:featuredmedia":[{"embeddable":true,"href":"https:\/\/noticiasrec.com\/index.php?rest_route=\/wp\/v2\/media\/7407"}],"wp:attachment":[{"href":"https:\/\/noticiasrec.com\/index.php?rest_route=%2Fwp%2Fv2%2Fmedia&parent=7406"}],"wp:term":[{"taxonomy":"category","embeddable":true,"href":"https:\/\/noticiasrec.com\/index.php?rest_route=%2Fwp%2Fv2%2Fcategories&post=7406"},{"taxonomy":"post_tag","embeddable":true,"href":"https:\/\/noticiasrec.com\/index.php?rest_route=%2Fwp%2Fv2%2Ftags&post=7406"}],"curies":[{"name":"wp","href":"https:\/\/api.w.org\/{rel}","templated":true}]}}