{"id":7398,"date":"2020-10-26T14:07:22","date_gmt":"2020-10-26T14:07:22","guid":{"rendered":"http:\/\/noticiasrec.com\/?p=7398"},"modified":"2020-10-26T14:09:12","modified_gmt":"2020-10-26T14:09:12","slug":"pilar-el-intendente-achaval-inauguro-un-nuevo-centro-de-salud","status":"publish","type":"post","link":"https:\/\/noticiasrec.com\/?p=7398","title":{"rendered":"Pilar: El intendente Ach\u00e1val inaugur\u00f3 un nuevo Centro de Salud"},"content":{"rendered":"\n<p>El intendente Federico Ach\u00e1val dej\u00f3 inaugurado esta tarde el Centro de Salud Villa Luj\u00e1n, en Presidente Derqui, junto al Jefe de Gabinete de la Provincia de Buenos Aires, Carlos Bianco.<br><br><\/p>\n\n\n\n<p>De esta forma, se dota a la localidad de un nuevo espacio de atenci\u00f3n, descentralizando el servicio de salud, y ampliando la capacidad de respuesta del sistema sanitario del Municipio.<br><br><\/p>\n\n\n\n<p>Tras recorrer las nuevas instalaciones, y acompa\u00f1ado por vecinos del barrio, el intendente destac\u00f3: \u00abEsta inauguraci\u00f3n es otra medida concreta del Estado para garantizar derechos, como es el acceso a la salud p\u00fablica y gratuita para los vecinos de Santa Ana y Villa Luj\u00e1n. Y qu\u00e9 acci\u00f3n m\u00e1s concreta de un Estado presente que un centro de salud que le resuelva los problemas a las familias de Derqui, a una madre cuyos hijos puedan lastimarse, a un abuelo que se descompense, y que ahora tienen la tranquilidad de tener cerca un centro de salud que los atienda, con m\u00e9dicos, enfermeros, vacunatorio\u00bb.<br><br><\/p>\n\n\n\n<p>\u00abHemos trabajado en conjunto con los vecinos y con la Provincia de Buenos Aires, para que obras que estaban abandonadas sean una realidad, y nuestra responsabilidad es honrar el esfuerzo que hicimos entre todos para lograrlo\u201d, agreg\u00f3 el mandatario, en referencia a que las labores hab\u00edan comenzado bajo la gesti\u00f3n de Cambiemos, bajo el Plan Salud AMBA, pero fueron paralizada por falta de fondos el a\u00f1o pasado.<br><br><\/p>\n\n\n\n<p>Por su parte, Bianco destac\u00f3: \u201cTengo la emoci\u00f3n y el orgullo de estar hoy en Derqui inaugurando este Centro de Salud, que tiene las prestaciones b\u00e1sicas y que es un nodo de trabajo para todo el barrio. Federico me dec\u00eda que hasta hace algunos meses si cualquier vecino ten\u00eda un problema de salud se ten\u00eda que ir a otra localidad, a Pilar. Hoy ac\u00e1 tienen un espacio donde atenderse, acercarse ante un problema, y cerca tambi\u00e9n el nuevo hospital. Con la pandemia, decidimos avanzar r\u00e1pidamente en las obras que hab\u00edan quedado paralizadas en la gesti\u00f3n anterior. Y con esta estamos culminando 125 obras en hospitales y centros de salud. Nosotros s\u00ed vamos a seguir haciendo hospitales y centros de atenci\u00f3n primaria en toda la provincia de Buenos Aires\u201d.<br><br><\/p>\n\n\n\n<p>El Centro de Salud Villa Luj\u00e1n cuenta con las especialidades medicina general, obstetricia, pediatr\u00eda, as\u00ed como enfermer\u00eda y vacunaci\u00f3n. Funciona de 7 a 19 horas, y adem\u00e1s cuenta con historia cl\u00ednica online y turnos web.<br>En la inauguraci\u00f3n estuvieron presentes vecinos que lucharon a\u00f1os para que el centro de salud tenga su edificio propio, lo cual es una realidad desde hoy. Tambi\u00e9n participaron el director de la Unidad de Fortalecimiento del Sistema de Salud, Joaqu\u00edn Larrabide; la directora asociada de la Regi\u00f3n Sanitaria V, Mariela Torres; la subsecretaria de Pol\u00edticas de G\u00e9nero y Diversidad Sexual bonaerense, Luc\u00eda Portos; y el diputado Jorge D\u2019onofrio.<\/p>\n\n\n\n<p>Fuente\/\/Diario Pilar de Todos <\/p>\n","protected":false},"excerpt":{"rendered":"<p>El intendente Federico Ach\u00e1val dej\u00f3 inaugurado esta tarde el Centro de Salud Villa Luj\u00e1n, en..<\/p>\n","protected":false},"author":2,"featured_media":7399,"comment_status":"open","ping_status":"open","sticky":false,"template":"","format":"standard","meta":{"footnotes":""},"categories":[3,11,19],"tags":[513,219,268,1240,26,877,1241],"class_list":["post-7398","post","type-post","status-publish","format-standard","has-post-thumbnail","hentry","category-municipios","category-pilar","category-salud","tag-federico-achaval","tag-inauguracion","tag-intendente","tag-nuevo-centro-de-salud","tag-pilar","tag-presidente-derqui","tag-villa-lujan"],"_links":{"self":[{"href":"https:\/\/noticiasrec.com\/index.php?rest_route=\/wp\/v2\/posts\/7398","targetHints":{"allow":["GET"]}}],"collection":[{"href":"https:\/\/noticiasrec.com\/index.php?rest_route=\/wp\/v2\/posts"}],"about":[{"href":"https:\/\/noticiasrec.com\/index.php?rest_route=\/wp\/v2\/types\/post"}],"author":[{"embeddable":true,"href":"https:\/\/noticiasrec.com\/index.php?rest_route=\/wp\/v2\/users\/2"}],"replies":[{"embeddable":true,"href":"https:\/\/noticiasrec.com\/index.php?rest_route=%2Fwp%2Fv2%2Fcomments&post=7398"}],"version-history":[{"count":2,"href":"https:\/\/noticiasrec.com\/index.php?rest_route=\/wp\/v2\/posts\/7398\/revisions"}],"predecessor-version":[{"id":7402,"href":"https:\/\/noticiasrec.com\/index.php?rest_route=\/wp\/v2\/posts\/7398\/revisions\/7402"}],"wp:featuredmedia":[{"embeddable":true,"href":"https:\/\/noticiasrec.com\/index.php?rest_route=\/wp\/v2\/media\/7399"}],"wp:attachment":[{"href":"https:\/\/noticiasrec.com\/index.php?rest_route=%2Fwp%2Fv2%2Fmedia&parent=7398"}],"wp:term":[{"taxonomy":"category","embeddable":true,"href":"https:\/\/noticiasrec.com\/index.php?rest_route=%2Fwp%2Fv2%2Fcategories&post=7398"},{"taxonomy":"post_tag","embeddable":true,"href":"https:\/\/noticiasrec.com\/index.php?rest_route=%2Fwp%2Fv2%2Ftags&post=7398"}],"curies":[{"name":"wp","href":"https:\/\/api.w.org\/{rel}","templated":true}]}}