{"id":7383,"date":"2020-10-22T14:24:25","date_gmt":"2020-10-22T14:24:25","guid":{"rendered":"http:\/\/noticiasrec.com\/?p=7383"},"modified":"2020-10-22T14:24:25","modified_gmt":"2020-10-22T14:24:25","slug":"en-jose-c-paz-se-entregaron-160-documentos-a-residentes-extranjeros","status":"publish","type":"post","link":"https:\/\/noticiasrec.com\/?p=7383","title":{"rendered":"En Jos\u00e9 C. Paz se entregaron 160 documentos a residentes extranjeros"},"content":{"rendered":"\n<p>&nbsp;En el Centro de Estudios de la Universidad Nacional de Jos\u00e9 C. Paz se realiz\u00f3 el acto de entrega de 160 Documentos Nacionales de Identidad (DNI) a Residentes Extranjeros del partido pace\u00f1o.<\/p>\n\n\n\n<p>En representaci\u00f3n del intendente municipal,&nbsp;<strong>Mario Ishii<\/strong>, encabez\u00f3 el evento el secretario de Acci\u00f3n Directa, Pablo Mansilla, acompa\u00f1ado por el representante de la Delegaci\u00f3n Pilar de la Direcci\u00f3n Nacional de Migraciones, Marcelo Lapuente; el Diputado Provincial, Jos\u00e9 P\u00e9rez; el secretario de Gobierno, Claudio P\u00e9rez; el oficial&nbsp; Consular de la Rep\u00fablica del Paraguay, Herminio Noguera; el subsecretario de Gobierno, Daniel Torres; la directora de Asesoramiento Documentario para Extranjeros (DADE), Ver\u00f3nica Alfonzo; el director de Juventud, Andr\u00e9s Corval\u00e1n, y de Derechos Humanos, M\u00f3nica Ramos.<\/p>\n\n\n\n<p>El acto de entrega de documentos a ciudadanos y ciudadanas de distintas colectividades residentes en el partido se realiz\u00f3 en el hall central, bajo estrictos protocolos sanitarios por la pandemia de COVID-19.<\/p>\n\n\n\n<p>En el marco vigente de la Ley de Migraciones 25.871, hoy se adjudicaron 160 DNI por la correspondiente tramitaci\u00f3n ante el Ministerio del Interior de la Naci\u00f3n, a trav\u00e9s del Registro Nacional de las Personas. Y se re empadronaron a los ciudadanos que necesitaban regularizarse. Estos operativos est\u00e1n destinados a bregar por la integraci\u00f3n de las diversas comunidades migrantes establecidas en nuestro pa\u00eds y a garantizar derechos e igualdad de oportunidades para los hombres y mujeres que habitan desde hace a\u00f1os nuestro distrito.<\/p>\n\n\n\n<p>El representante de la direcci\u00f3n Nacional de Migraciones, Lapuente, explic\u00f3: \u201cCuando yo asum\u00ed en la Delegaci\u00f3n de Migraciones, observamos que hab\u00eda m\u00e1s de 1.000 documentos sin entregar de diferentes municipios. Nuestra delegaci\u00f3n abarca 14 municipios, entre ellos Jos\u00e9 C. Paz, Escobar, Pilar, Exaltaci\u00f3n de la Cruz, Tigre, San Fernando, etc\u00e9tera; y a nosotros nos dio verg\u00fcenza que esa gente se tuviera que movilizar hasta Pilar con las dificultades que no solamente la pandemia trajo, sino cuestiones econ\u00f3micas, log\u00edsticas. Desde ah\u00ed, conjuntamente con el Ministerio del Interior se decidi\u00f3 esto de ir a los municipios, coordinar con los se\u00f1ores intendentes y con las Oficinas de Inmigrantes y facilitar que cada uno de los migrantes obtenga el derecho que le corresponde\u201d.<\/p>\n\n\n\n<p>Y concluy\u00f3: \u201cFelicitaciones por obtener su D.N.I. que es una manera de incluir el deseo de este Gobierno de que obtengan todos sus derechos que se lo merecen\u201d. El secretario de Acci\u00f3n Directa, Pablo Mansilla, expres\u00f3: \u201cPara nosotros es importante darles la bienvenida. Quiero decirles que la ley 25.871 es una ley que dignifica a todos nuestros hermanos extranjeros que est\u00e1n viviendo en esta Argentina. El intendente Ishii ha trabajado durante todo este tiempo de pandemia, quiero decirles que tanto la pol\u00edtica de Mario (Ishii), como del gobierno nacional de Alberto Fern\u00e1ndez y Cristina Fern\u00e1ndez, hoy es de reivindicar todas estas cuestiones, o sea que en donde haya una Argentina se viva con documentaci\u00f3n, nosotros estamos muy contentos porque esta es la casa de ustedes. Hoy nuestros vecinos y vecinas que van a tener restituidos sus derechos, sus identidades, porque estamos enmarcados en un acto de la Constituci\u00f3n y para nosotros eso es una celebraci\u00f3n primordial\u201d.<\/p>\n\n\n\n<p>Luego de los discursos protocolares se entregaron los DNI simb\u00f3licamente a 5 ciudadanos: Janina Mickel Mora Acu\u00f1a, Leonardo C\u00e1ceres Vel\u00e1squez, Ramona Isabel Ricardo S\u00e1nchez, Vanesa Lugo Amarilla y Ever Adeliz L\u00f3pez; todos ellos integrados en las comunidades de pa\u00edses hermanos como Paraguay, Chile, Per\u00fa y Venezuela.<\/p>\n\n\n\n<p>Desde la gesti\u00f3n municipal del intendente Mario Ishii, se trabaja hace muchos a\u00f1os, en las pol\u00edticas migratorias, realizando operativos y campa\u00f1as a residentes de las comunidades latinoamericanas que habitan en el distrito.<\/p>\n","protected":false},"excerpt":{"rendered":"<p>&nbsp;En el Centro de Estudios de la Universidad Nacional de Jos\u00e9 C. Paz se realiz\u00f3..<\/p>\n","protected":false},"author":2,"featured_media":7384,"comment_status":"open","ping_status":"open","sticky":false,"template":"","format":"standard","meta":{"footnotes":""},"categories":[10,3],"tags":[1216,1217,693,60,62,1218,1215],"class_list":["post-7383","post","type-post","status-publish","format-standard","has-post-thumbnail","hentry","category-jose-c-paz","category-municipios","tag-160-documentos","tag-dni","tag-entrega","tag-jose-c-paz","tag-mario-ishii","tag-pablo-mansilla","tag-residentes-extranjeros"],"_links":{"self":[{"href":"https:\/\/noticiasrec.com\/index.php?rest_route=\/wp\/v2\/posts\/7383","targetHints":{"allow":["GET"]}}],"collection":[{"href":"https:\/\/noticiasrec.com\/index.php?rest_route=\/wp\/v2\/posts"}],"about":[{"href":"https:\/\/noticiasrec.com\/index.php?rest_route=\/wp\/v2\/types\/post"}],"author":[{"embeddable":true,"href":"https:\/\/noticiasrec.com\/index.php?rest_route=\/wp\/v2\/users\/2"}],"replies":[{"embeddable":true,"href":"https:\/\/noticiasrec.com\/index.php?rest_route=%2Fwp%2Fv2%2Fcomments&post=7383"}],"version-history":[{"count":1,"href":"https:\/\/noticiasrec.com\/index.php?rest_route=\/wp\/v2\/posts\/7383\/revisions"}],"predecessor-version":[{"id":7385,"href":"https:\/\/noticiasrec.com\/index.php?rest_route=\/wp\/v2\/posts\/7383\/revisions\/7385"}],"wp:featuredmedia":[{"embeddable":true,"href":"https:\/\/noticiasrec.com\/index.php?rest_route=\/wp\/v2\/media\/7384"}],"wp:attachment":[{"href":"https:\/\/noticiasrec.com\/index.php?rest_route=%2Fwp%2Fv2%2Fmedia&parent=7383"}],"wp:term":[{"taxonomy":"category","embeddable":true,"href":"https:\/\/noticiasrec.com\/index.php?rest_route=%2Fwp%2Fv2%2Fcategories&post=7383"},{"taxonomy":"post_tag","embeddable":true,"href":"https:\/\/noticiasrec.com\/index.php?rest_route=%2Fwp%2Fv2%2Ftags&post=7383"}],"curies":[{"name":"wp","href":"https:\/\/api.w.org\/{rel}","templated":true}]}}