{"id":7380,"date":"2020-10-22T14:01:06","date_gmt":"2020-10-22T14:01:06","guid":{"rendered":"http:\/\/noticiasrec.com\/?p=7380"},"modified":"2020-10-22T14:01:06","modified_gmt":"2020-10-22T14:01:06","slug":"vuelve-la-vtv-en-la-provincia-de-buenos-aires-a-partir-de-noviembre","status":"publish","type":"post","link":"https:\/\/noticiasrec.com\/?p=7380","title":{"rendered":"Vuelve la VTV en la provincia de Buenos Aires a partir de noviembre"},"content":{"rendered":"\n<p>\n\nEl Ente regulador de la Verificaci\u00f3n T\u00e9cnica Vehicular (VTV) bonaerense inform\u00f3 este mi\u00e9rcoles que a partir del 1 de noviembre las plantas que realizan esta tarea retomar\u00e1n la atenci\u00f3n a veh\u00edculos particulares radicados en ese distrito.<\/p>\n\n\n\n<p>Con la decisi\u00f3n oficial, que ser\u00e1 publicada en los pr\u00f3ximos d\u00edas, se estableci\u00f3&nbsp;<strong>un nuevo cronograma que arrancar\u00e1 con los veh\u00edculos cuyos permisos hab\u00edan vencido en marzo y abril pasado<\/strong>&nbsp;y fueron prorrogados hasta fines de octubre por el Gobierno bonaerense.<\/p>\n\n\n\n<p>El subsecretario de Transporte bonaerense, Alejo Supply, indic\u00f3 en un comunicado que se decidi\u00f3 \u00abreordenar el desfase que se produjo a ra\u00edz del Covid-19 para evitar las aglomeraciones que se producen a fin de a\u00f1o en las plantas de algunas ciudades como La Plata y Mar del Plata\u00bb.<\/p>\n\n\n\n<p>El&nbsp;<strong>cronograma oficial establece que en diciembre deber\u00e1n pasar por las plantas s\u00f3lo las verificaciones que hab\u00edan vencido en mayo y junio<\/strong>, mientras que&nbsp;<strong>en enero lo har\u00e1n los autom\u00f3viles cuyo vencimiento haya sido julio y agosto<\/strong>.<\/p>\n\n\n\n<p>\u00abA partir del 1\u00b0 de noviembre la gente va a poder entrar a la p\u00e1gina web de la VTV que dejar\u00e1 de ser administrada por las empresas y la c\u00e1mara que las nuclea y pasar\u00e1 a manos de la Provincia. All\u00ed habr\u00e1 una turnera en la que los bonaerenses van a poder cargar sus datos y los de su veh\u00edculo y aunque la verificaci\u00f3n est\u00e9 vencida, se le va a decir hasta cu\u00e1ndo pueden sacar el turno y cu\u00e1ndo tienen el vencimiento\u00bb, dijo el funcionario.\n\n<\/p>\n","protected":false},"excerpt":{"rendered":"<p>El Ente regulador de la Verificaci\u00f3n T\u00e9cnica Vehicular (VTV) bonaerense inform\u00f3 este mi\u00e9rcoles que a..<\/p>\n","protected":false},"author":2,"featured_media":7381,"comment_status":"open","ping_status":"open","sticky":false,"template":"","format":"standard","meta":{"footnotes":""},"categories":[3,2,19],"tags":[1213,164,1214,1211,1212],"class_list":["post-7380","post","type-post","status-publish","format-standard","has-post-thumbnail","hentry","category-municipios","category-provincia","category-salud","tag-a-partir-de-noviembre","tag-provincia-de-buenos-aires","tag-vehiculos","tag-vtv","tag-vuelve"],"_links":{"self":[{"href":"https:\/\/noticiasrec.com\/index.php?rest_route=\/wp\/v2\/posts\/7380","targetHints":{"allow":["GET"]}}],"collection":[{"href":"https:\/\/noticiasrec.com\/index.php?rest_route=\/wp\/v2\/posts"}],"about":[{"href":"https:\/\/noticiasrec.com\/index.php?rest_route=\/wp\/v2\/types\/post"}],"author":[{"embeddable":true,"href":"https:\/\/noticiasrec.com\/index.php?rest_route=\/wp\/v2\/users\/2"}],"replies":[{"embeddable":true,"href":"https:\/\/noticiasrec.com\/index.php?rest_route=%2Fwp%2Fv2%2Fcomments&post=7380"}],"version-history":[{"count":1,"href":"https:\/\/noticiasrec.com\/index.php?rest_route=\/wp\/v2\/posts\/7380\/revisions"}],"predecessor-version":[{"id":7382,"href":"https:\/\/noticiasrec.com\/index.php?rest_route=\/wp\/v2\/posts\/7380\/revisions\/7382"}],"wp:featuredmedia":[{"embeddable":true,"href":"https:\/\/noticiasrec.com\/index.php?rest_route=\/wp\/v2\/media\/7381"}],"wp:attachment":[{"href":"https:\/\/noticiasrec.com\/index.php?rest_route=%2Fwp%2Fv2%2Fmedia&parent=7380"}],"wp:term":[{"taxonomy":"category","embeddable":true,"href":"https:\/\/noticiasrec.com\/index.php?rest_route=%2Fwp%2Fv2%2Fcategories&post=7380"},{"taxonomy":"post_tag","embeddable":true,"href":"https:\/\/noticiasrec.com\/index.php?rest_route=%2Fwp%2Fv2%2Ftags&post=7380"}],"curies":[{"name":"wp","href":"https:\/\/api.w.org\/{rel}","templated":true}]}}