{"id":7372,"date":"2020-10-16T20:18:03","date_gmt":"2020-10-16T20:18:03","guid":{"rendered":"http:\/\/noticiasrec.com\/?p=7372"},"modified":"2020-10-16T20:18:03","modified_gmt":"2020-10-16T20:18:03","slug":"mario-ishii-recibio-a-funcionarias-del-ministerio-de-desarrollo-social-de-la-nacion","status":"publish","type":"post","link":"https:\/\/noticiasrec.com\/?p=7372","title":{"rendered":"Mario Ishii, recibi\u00f3 a funcionarias del Ministerio de Desarrollo Social de la Naci\u00f3n"},"content":{"rendered":"\n<p>El intendente de Jos\u00e9 C. Paz,&nbsp;<strong>Mario Ishii<\/strong>, recibi\u00f3 en su despacho a funcionarias del Ministerio de Desarrollo Social de la Naci\u00f3n, para articular la continuidad y la puesta en marcha de diferentes programas sociales en el distrito.<\/p>\n\n\n\n<p>Del encuentro participaron la Subsecretaria de Inclusi\u00f3n e Integraci\u00f3n Social&nbsp;<strong>Micaela Ferraro<\/strong>, la Directora Nacional de Acompa\u00f1amiento e Integraci\u00f3n Social,&nbsp;<strong>Ver\u00f3nica Lorenzo<\/strong>, el Diputado provincial&nbsp;<strong>Jos\u00e9 P\u00e9rez<\/strong>, el Secretario de Acci\u00f3n Directa&nbsp;<strong>Pablo Mansilla<\/strong>&nbsp;y la Secretaria de Desarrollo Social,&nbsp;<strong>Yolanda Barboza<\/strong>.<\/p>\n\n\n\n<p>Con el objetivo de seguir coordinando acciones vinculadas con el abordaje social en pandemia, el intendente Ishii destac\u00f3 que \u201cse analizaron las pol\u00edticas sociales que se llevan adelante y se proyectaron nuevas, con el objetivo de seguir avanzando en Jos\u00e9 C. Paz. Asimismo se dialog\u00f3 en la implementaci\u00f3n de programas interdisciplinarios del gobierno municipal, provincial y nacional, recalcando la ampliaci\u00f3n del cupo de tarjetas sociales, habi\u00e9ndose entregado este a\u00f1o 16.900 Tarjetas AlimenTAR en el distrito\u201d enfatiz\u00f3 Ishii.<\/p>\n","protected":false},"excerpt":{"rendered":"<p>El intendente de Jos\u00e9 C. Paz,&nbsp;Mario Ishii, recibi\u00f3 en su despacho a funcionarias del Ministerio..<\/p>\n","protected":false},"author":2,"featured_media":7373,"comment_status":"open","ping_status":"open","sticky":false,"template":"","format":"standard","meta":{"footnotes":""},"categories":[10,3],"tags":[1208,1204,1206,1205,62,1207],"class_list":["post-7372","post","type-post","status-publish","format-standard","has-post-thumbnail","hentry","category-jose-c-paz","category-municipios","tag-continuidad","tag-desarrollo-social-de-la-nacion","tag-despacho","tag-funcionarias","tag-mario-ishii","tag-programas-sociales"],"_links":{"self":[{"href":"https:\/\/noticiasrec.com\/index.php?rest_route=\/wp\/v2\/posts\/7372","targetHints":{"allow":["GET"]}}],"collection":[{"href":"https:\/\/noticiasrec.com\/index.php?rest_route=\/wp\/v2\/posts"}],"about":[{"href":"https:\/\/noticiasrec.com\/index.php?rest_route=\/wp\/v2\/types\/post"}],"author":[{"embeddable":true,"href":"https:\/\/noticiasrec.com\/index.php?rest_route=\/wp\/v2\/users\/2"}],"replies":[{"embeddable":true,"href":"https:\/\/noticiasrec.com\/index.php?rest_route=%2Fwp%2Fv2%2Fcomments&post=7372"}],"version-history":[{"count":1,"href":"https:\/\/noticiasrec.com\/index.php?rest_route=\/wp\/v2\/posts\/7372\/revisions"}],"predecessor-version":[{"id":7374,"href":"https:\/\/noticiasrec.com\/index.php?rest_route=\/wp\/v2\/posts\/7372\/revisions\/7374"}],"wp:featuredmedia":[{"embeddable":true,"href":"https:\/\/noticiasrec.com\/index.php?rest_route=\/wp\/v2\/media\/7373"}],"wp:attachment":[{"href":"https:\/\/noticiasrec.com\/index.php?rest_route=%2Fwp%2Fv2%2Fmedia&parent=7372"}],"wp:term":[{"taxonomy":"category","embeddable":true,"href":"https:\/\/noticiasrec.com\/index.php?rest_route=%2Fwp%2Fv2%2Fcategories&post=7372"},{"taxonomy":"post_tag","embeddable":true,"href":"https:\/\/noticiasrec.com\/index.php?rest_route=%2Fwp%2Fv2%2Ftags&post=7372"}],"curies":[{"name":"wp","href":"https:\/\/api.w.org\/{rel}","templated":true}]}}