{"id":7350,"date":"2020-10-08T15:45:42","date_gmt":"2020-10-08T15:45:42","guid":{"rendered":"http:\/\/noticiasrec.com\/?p=7350"},"modified":"2020-10-08T15:45:42","modified_gmt":"2020-10-08T15:45:42","slug":"reunion-del-intendente-ishii-para-abordar-la-problematica-que-afecta-a-discapacitados","status":"publish","type":"post","link":"https:\/\/noticiasrec.com\/?p=7350","title":{"rendered":"Reuni\u00f3n del intendente Ishii para abordar la problem\u00e1tica que afecta a discapacitados"},"content":{"rendered":"\n<p>&nbsp;El intendente de Jos\u00e9 C. Paz,&nbsp;<strong>Mario Ishii<\/strong>&nbsp;mantuvo una reuni\u00f3n con el director de Despliegue Territorial y Acceso a Beneficios de la Agencia Nacional de Discapacidad, Marcelo Villarreal, con el referente platense y dirigente institucional en materia de discapacidad y presidente de la ONG Amparar, Juan Pablo Poloni, acompa\u00f1ados por la directora municipal de Discapacidad, Marta Cardoso.<\/p>\n\n\n\n<p>Durante la reuni\u00f3n se abordaron temas vitales. Uno de \u00e9stos es el c\u00f3mo encaminar pol\u00edticas de estado para la discapacidad, el pago de las Pensiones no contributivas adeudadas, correspondientes a los a\u00f1os 2016, 2017, 2018 y 2019; y entre estos el pago de 141 pensiones no contributivas que estaban adeudas en el gobierno anterior.&nbsp;<\/p>\n\n\n\n<p>Tambi\u00e9n se convers\u00f3 sobre la unificaci\u00f3n de pases de discapacidad para el no pago de los diversos peajes y dem\u00e1s cuestiones referidos a las pol\u00edticas p\u00fablicas de invalidez.&nbsp;<\/p>\n\n\n\n<p>El Centro de Atenci\u00f3n al Discapacitado municipal existe desde hace diecisiete a\u00f1os, con una labor fecunda en un \u00e1rea tan sensible como la discapacidad, donde la gesti\u00f3n del intendente municipal le ha dado prioridad de pol\u00edtica de estado.<\/p>\n","protected":false},"excerpt":{"rendered":"<p>&nbsp;El intendente de Jos\u00e9 C. Paz,&nbsp;Mario Ishii&nbsp;mantuvo una reuni\u00f3n con el director de Despliegue Territorial..<\/p>\n","protected":false},"author":2,"featured_media":7351,"comment_status":"open","ping_status":"open","sticky":false,"template":"","format":"standard","meta":{"footnotes":""},"categories":[10,3,19],"tags":[1181,190,1182,1180,462],"class_list":["post-7350","post","type-post","status-publish","format-standard","has-post-thumbnail","hentry","category-jose-c-paz","category-municipios","category-salud","tag-discapacitados","tag-ishii","tag-marcelo-villarreal","tag-problematica","tag-reunion"],"_links":{"self":[{"href":"https:\/\/noticiasrec.com\/index.php?rest_route=\/wp\/v2\/posts\/7350","targetHints":{"allow":["GET"]}}],"collection":[{"href":"https:\/\/noticiasrec.com\/index.php?rest_route=\/wp\/v2\/posts"}],"about":[{"href":"https:\/\/noticiasrec.com\/index.php?rest_route=\/wp\/v2\/types\/post"}],"author":[{"embeddable":true,"href":"https:\/\/noticiasrec.com\/index.php?rest_route=\/wp\/v2\/users\/2"}],"replies":[{"embeddable":true,"href":"https:\/\/noticiasrec.com\/index.php?rest_route=%2Fwp%2Fv2%2Fcomments&post=7350"}],"version-history":[{"count":1,"href":"https:\/\/noticiasrec.com\/index.php?rest_route=\/wp\/v2\/posts\/7350\/revisions"}],"predecessor-version":[{"id":7352,"href":"https:\/\/noticiasrec.com\/index.php?rest_route=\/wp\/v2\/posts\/7350\/revisions\/7352"}],"wp:featuredmedia":[{"embeddable":true,"href":"https:\/\/noticiasrec.com\/index.php?rest_route=\/wp\/v2\/media\/7351"}],"wp:attachment":[{"href":"https:\/\/noticiasrec.com\/index.php?rest_route=%2Fwp%2Fv2%2Fmedia&parent=7350"}],"wp:term":[{"taxonomy":"category","embeddable":true,"href":"https:\/\/noticiasrec.com\/index.php?rest_route=%2Fwp%2Fv2%2Fcategories&post=7350"},{"taxonomy":"post_tag","embeddable":true,"href":"https:\/\/noticiasrec.com\/index.php?rest_route=%2Fwp%2Fv2%2Ftags&post=7350"}],"curies":[{"name":"wp","href":"https:\/\/api.w.org\/{rel}","templated":true}]}}