{"id":7340,"date":"2020-10-08T14:51:49","date_gmt":"2020-10-08T14:51:49","guid":{"rendered":"http:\/\/noticiasrec.com\/?p=7340"},"modified":"2020-10-08T14:51:49","modified_gmt":"2020-10-08T14:51:49","slug":"bajan-los-casos-en-el-amba-pero-sigue-siendo-un-foco-irradiador-afirmo-kreplak","status":"publish","type":"post","link":"https:\/\/noticiasrec.com\/?p=7340","title":{"rendered":"Bajan los casos en el AMBA pero sigue siendo un \u00abfoco irradiador\u00bb, afirm\u00f3 Kreplak"},"content":{"rendered":"\n<p>\n\nEl viceministro de Salud bonaerense, Nicol\u00e1s Kreplak, asegur\u00f3 que el n\u00famero de casos de coronavirus en el \u00c1rea Metropolitana de Buenos Aires (AMBA) est\u00e1 bajando, aunque advirti\u00f3 que esa regi\u00f3n sigue siendo \u00abun foco irradiador\u00bb de contagios a todo el pa\u00eds y pidi\u00f3 responsabilidad para tomar decisiones sobre aperturas de actividades o el regreso a clases presenciales.<\/p>\n\n\n\n<p>\u00abEl epicentro de la pandemia es Am\u00e9rica Latina, y en la Argentina, aunque se est\u00e1n reduciendo los casos, el AMBA sigue siendo el foco irradiador para todo el pa\u00eds\u00bb, dijo Kreplak en di\u00e1logo con radio La Red.<\/p>\n\n\n\n<p>El viceministro sostuvo que \u00abcualquier decisi\u00f3n que se vaya a tomar\u00bb en relaci\u00f3n al regreso a las aulas debe ser \u00abcon este paraguas y con esta responsabilidad\u00bb, e insisti\u00f3 en subrayar que \u00abno es que ya pas\u00f3 la pandemia y ya pas\u00f3 en el AMBA\u00bb.<\/p>\n\n\n\n<p>\u00abNo es tan f\u00e1cil hacer una aseveraci\u00f3n absoluta, estamos analizando indicadores muy finitos y precisos que nos permiten ver la evoluci\u00f3n de la epidemia\u00bb, dijo el viceministro bonaerense.<\/p>\n\n\n\n<p>En ese marco, remarc\u00f3 que\u00a0<strong><a rel=\"noreferrer noopener\" href=\"https:\/\/www.telam.com.ar\/notas\/202010\/522255-la-vuelta-a-clases-se-dara-segun-un-indicador-de-riesgo-epidemiologico.html\" target=\"_blank\">el regreso a las aulas \u00ablo van a decidir los ministros de Educaci\u00f3n\u00bb, que este martes mantuvieron un encuentro virtual para avanzar con la revinculaci\u00f3n de grupos de alumnos con las escuelas, en el marco del Consejo Federal de Educaci\u00f3n, encabezado por el ministro Nicol\u00e1s Trotta.<\/a><\/strong><\/p>\n\n\n\n<p>\n\nPara Kreplak, la epidemia \u00abes un fen\u00f3meno social que depende mucho de lo que hagamos\u00bb y en ese sentido dijo que si bien es cierto que est\u00e1n bajando los casos en el AMBA, \u00abla velocidad con la que se desciende no es tan marcada\u00bb.<\/p>\n\n\n\n<p>\u00abSi aumenta mucho la circulaci\u00f3n de las personas pueden volver a aumentar los casos. Ya nos pas\u00f3 en agosto que hab\u00edan bajado, hubo aperturas y volvieron a subir. Ahora est\u00e1n bajando, muy leve, pero est\u00e1n descendiendo. Comparando semana a semana, estamos entre 3 y 5% de descenso aproximadamente\u00bb, complet\u00f3.<\/p>\n\n\n\n<p>Adem\u00e1s, explic\u00f3 que la vuelta a las clases presenciales \u201cse va a poder hacer en los lugares donde no haya riesgo, y en forma gradual y paulatina\u201d.<\/p>\n\n\n\n<p>\u201cEl objetivo es que no pase lo que pas\u00f3 en muchos lugares del mundo, que por abrir r\u00e1pidamente hubo que volver hacia atr\u00e1s. Queremos hacerlo en forma segura\u201d, grafic\u00f3.<\/p>\n\n\n\n<p>Kreplak dijo, adem\u00e1s, que la baja de casos en la zona del AMBA \u201cse debe tambi\u00e9n a que la movilidad se redujo al 36%\u201d y advirti\u00f3 que \u201ceso se debe en gran parte a que no hay clases presenciales, por lo que si se libera podr\u00eda haber m\u00e1s contagios\u201d.<\/p>\n\n\n\n<p>En relaci\u00f3n a la posible demora en la carga de datos en la Ciudad de Buenos Aires a la que ayer se refiri\u00f3 el ministro de Salud de ese distrito, Fern\u00e1n Quir\u00f3s, Kreplak indic\u00f3 que no le sorprendi\u00f3 ya que \u00abes lo que sucede en todo el mundo\u00bb.<\/p>\n\n\n\n<p>\u00abEl ministro de Salud de la Ciudad de Buenos Aires siempre fue muy serio y respetuoso y ponder\u00f3 el sistema de la provincia, pero s\u00ed es cierto que hay dirigentes y periodistas que aprovecharon eso (que Buenos Aires haya reconocido una demora en la carga de fallecidos) para hacer politiquer\u00eda\u00bb, indic\u00f3 Kreplak y se\u00f1al\u00f3: \u00abLamentablemente eso nos hace mal a todos en pandemia y como sociedad\u00bb.<\/p>\n\n\n\n<p>En ese sentido, dijo que \u00abla Argentina suele engrietar todas las cosas\u00bb y explic\u00f3 que en la provincia lo que se hizo fue \u00abun sistema que permite encontrar todos los datos juntos y una auditor\u00eda online\u00bb.<\/p>\n\n\n\n<p>\u00abHay un sector del periodismo que funciona en t\u00e1ndem con un sector de la oposici\u00f3n que siempre ataca a la gesti\u00f3n del gobernador (Axel) Kicillof, y m\u00e1s en pandemia; no son objetivos como periodistas porque se dieron cuenta que esto pasa en todas las jurisdicciones donde hay casos, que es lo que pasa en una pandemia\u00bb, finaliz\u00f3 Kreplak.\n\n<\/p>\n","protected":false},"excerpt":{"rendered":"<p>El viceministro de Salud bonaerense, Nicol\u00e1s Kreplak, asegur\u00f3 que el n\u00famero de casos de coronavirus..<\/p>\n","protected":false},"author":2,"featured_media":7341,"comment_status":"open","ping_status":"open","sticky":false,"template":"","format":"standard","meta":{"footnotes":""},"categories":[2,19,5],"tags":[787,1173,707,793],"class_list":["post-7340","post","type-post","status-publish","format-standard","has-post-thumbnail","hentry","category-provincia","category-salud","category-sociedad","tag-amba","tag-bajan-los-casos","tag-coronavirus","tag-nicolas-kreplak"],"_links":{"self":[{"href":"https:\/\/noticiasrec.com\/index.php?rest_route=\/wp\/v2\/posts\/7340","targetHints":{"allow":["GET"]}}],"collection":[{"href":"https:\/\/noticiasrec.com\/index.php?rest_route=\/wp\/v2\/posts"}],"about":[{"href":"https:\/\/noticiasrec.com\/index.php?rest_route=\/wp\/v2\/types\/post"}],"author":[{"embeddable":true,"href":"https:\/\/noticiasrec.com\/index.php?rest_route=\/wp\/v2\/users\/2"}],"replies":[{"embeddable":true,"href":"https:\/\/noticiasrec.com\/index.php?rest_route=%2Fwp%2Fv2%2Fcomments&post=7340"}],"version-history":[{"count":1,"href":"https:\/\/noticiasrec.com\/index.php?rest_route=\/wp\/v2\/posts\/7340\/revisions"}],"predecessor-version":[{"id":7342,"href":"https:\/\/noticiasrec.com\/index.php?rest_route=\/wp\/v2\/posts\/7340\/revisions\/7342"}],"wp:featuredmedia":[{"embeddable":true,"href":"https:\/\/noticiasrec.com\/index.php?rest_route=\/wp\/v2\/media\/7341"}],"wp:attachment":[{"href":"https:\/\/noticiasrec.com\/index.php?rest_route=%2Fwp%2Fv2%2Fmedia&parent=7340"}],"wp:term":[{"taxonomy":"category","embeddable":true,"href":"https:\/\/noticiasrec.com\/index.php?rest_route=%2Fwp%2Fv2%2Fcategories&post=7340"},{"taxonomy":"post_tag","embeddable":true,"href":"https:\/\/noticiasrec.com\/index.php?rest_route=%2Fwp%2Fv2%2Ftags&post=7340"}],"curies":[{"name":"wp","href":"https:\/\/api.w.org\/{rel}","templated":true}]}}