{"id":7337,"date":"2020-10-07T13:20:47","date_gmt":"2020-10-07T13:20:47","guid":{"rendered":"http:\/\/noticiasrec.com\/?p=7337"},"modified":"2020-10-07T13:20:47","modified_gmt":"2020-10-07T13:20:47","slug":"katopodis-destaco-la-gestion-de-ishii-al-firmar-un-convenio-con-la-unpaz","status":"publish","type":"post","link":"https:\/\/noticiasrec.com\/?p=7337","title":{"rendered":"Katopodis destac\u00f3 la gesti\u00f3n de Ishii al firmar un convenio con la UNPAZ"},"content":{"rendered":"\n<p>&nbsp;El Intendente de Jos\u00e9 C. Paz,&nbsp;<strong>Mario Ishii<\/strong>&nbsp;junto al rector de la Universidad Nacional de Jos\u00e9 C. Paz, Dar\u00edo Kusinsky, el ministro de Obras P\u00fablicas de la Naci\u00f3n, Gabriel Katopodis, y el secretario de Pol\u00edticas Universitarias, Jaime Perczyk, realizaron la firma del convenio de adhesi\u00f3n al&nbsp;<strong>Programa de Infraestructura Universitaria II para la ejecuci\u00f3n del Proyecto \u201cEdificio Aulario y Comedor Universitario \u2013 Terminaci\u00f3n\u201d<\/strong>&nbsp;de la UNPAZ. El acto cont\u00f3 con la participaci\u00f3n del secretario General de Gobierno de la PBA, Federico Thea; y el secretario de Obras P\u00fablicas, Mart\u00edn Gill.<\/p>\n\n\n\n<p>El acuerdo fue celebrado en el marco del reciente lanzamiento del Plan Nacional de Infraestructura Universitaria que prev\u00e9 el desarrollo de 63 obras en 47 universidades nacionales con financiamiento del Banco de Desarrollo de Am\u00e9rica Latina (ex CAF). A partir de esta iniciativa, con una inversi\u00f3n de casi 175 millones de pesos, la UNPAZ podr\u00e1 finalizar la construcci\u00f3n del edificio lindero a su sede central que tendr\u00e1 una superficie de 3.290 m2., con 30 nuevas aulas que podr\u00e1n albergar a alrededor de 3.000 estudiantes (sumados los tres turnos), con 12 ba\u00f1os nuevos y 1.900 m2 de espacio al aire libre.<\/p>\n\n\n\n<p>Con respecto al acuerdo firmado, Kusinsky se\u00f1al\u00f3 que \u201ceste convenio representa una decisi\u00f3n pol\u00edtica de un Gobierno Nacional, Provincial y Municipal que ponen de manifiesto la importancia que tiene el desarrollo de la infraestructura para la pol\u00edtica educativa\u201d. Adem\u00e1s el rector destac\u00f3 que \u201cesta obra habilita la posibilidad de estudiar, ense\u00f1ar e investigar en mejores condiciones y contar con un comedor que no s\u00f3lo va a permitir albergar a m\u00e1s de 250 personas, en simult\u00e1neo, sino que tambi\u00e9n va a ser un espacio de encuentro que tendr\u00e1 un impacto muy significativo para nuestra comunidad\u201d.<\/p>\n\n\n\n<p>Por su parte, Katopodis hizo hincapi\u00e9 en la decisi\u00f3n pol\u00edtica del Gobierno Nacional para la puesta en marcha del Plan Nacional de Infraestructura Universitaria, que implica una inversi\u00f3n de \u201c9 mil millones de pesos con obras que se van a estar haciendo en simult\u00e1neo en cerca de 50 universidades de todo el pa\u00eds\u201d. Con respecto a esto, el ministro se\u00f1al\u00f3 que \u201cel Presidente nos ha encomendado trabajar sin descanso para que estas obras se concreten, obras que en los \u00faltimos cuatro a\u00f1os se pararon. En esta crisis profunda que estamos viviendo, no hay duda de que hay una demanda del Estado presente y un Estado mejor, ese Estado mejor tiene que ver con estas obras\u201d.<\/p>\n\n\n\n<p>\u201cLa tarea que el compa\u00f1ero Ishii viene haciendo es una marca, una referencia para los que estamos trabajando otros territorios o con otras responsabilidades, tiene que ver con estas obras, con una decisi\u00f3n y una voluntad de hacer que los y las vecinas de Jos\u00e9 C. Paz vienen premiando con el voto y la confianza, reafirmando el camino a seguir\u201d.<\/p>\n\n\n\n<p>Perczyk destac\u00f3 la importancia de la articulaci\u00f3n de los diferentes niveles del Estado y resalt\u00f3 que \u201cla educaci\u00f3n y la Universidad se hacen todos los d\u00edas trabajando, invirtiendo los recursos de los gobiernos para transformar la realidad y la vida del pueblo\u201d.<\/p>\n\n\n\n<p>El intendente Mario Ishii afirm\u00f3: \u201cme pone muy contento poder recibirlos con el anuncio de estas obras para que podamos ampliar la capacidad y dar espacio a todos los alumnos. Quiero agradecer a Alberto Fern\u00e1ndez por agregar presupuesto en educaci\u00f3n, que tanta falta nos hace\u201d.<\/p>\n\n\n\n<p>Adem\u00e1s, record\u00f3 el aniversario de inauguraci\u00f3n de la sede central de la UNPAZ y augur\u00f3: \u201cesperamos contar con la presencia del presidente Alberto Fern\u00e1ndez para la inauguraci\u00f3n del Facultad de Ciencias M\u00e9dicas, la m\u00e1s grande del pa\u00eds, que va a estar aqu\u00ed en Jos\u00e9 C. Paz\u201d.<\/p>\n\n\n\n<p>Por su parte, el secretario General de Gobierno de la PBA, Federico Thea, se refiri\u00f3 al impacto que ha tenido la creaci\u00f3n de la Universidad en el territorio. Con respecto a este punto, se\u00f1al\u00f3 que \u201cel pueblo de Jos\u00e9 C. Paz y de la regi\u00f3n se ha acercado a la Universidad de una manera muy gratificante que no deja de asombrarnos\u201d, y expres\u00f3 su reconocimiento \u201ca la gran obra de nuestro intendente Mario Ishii quien siempre sostuvo que la educaci\u00f3n es la \u00fanica salida para un Pueblo como Jos\u00e9 C. Paz\u201d.<\/p>\n","protected":false},"excerpt":{"rendered":"<p>&nbsp;El Intendente de Jos\u00e9 C. Paz,&nbsp;Mario Ishii&nbsp;junto al rector de la Universidad Nacional de Jos\u00e9..<\/p>\n","protected":false},"author":2,"featured_media":7338,"comment_status":"open","ping_status":"open","sticky":false,"template":"","format":"standard","meta":{"footnotes":""},"categories":[25,10,3,31],"tags":[139,1170,60,62,1172,1171,180],"class_list":["post-7337","post","type-post","status-publish","format-standard","has-post-thumbnail","hentry","category-educacion","category-jose-c-paz","category-municipios","category-nacionales","tag-convenio","tag-gabriel-katopodis","tag-jose-c-paz","tag-mario-ishii","tag-obras-publicas-de-la-nacion","tag-programa-de-infraestructura-universitaria","tag-unpaz"],"_links":{"self":[{"href":"https:\/\/noticiasrec.com\/index.php?rest_route=\/wp\/v2\/posts\/7337","targetHints":{"allow":["GET"]}}],"collection":[{"href":"https:\/\/noticiasrec.com\/index.php?rest_route=\/wp\/v2\/posts"}],"about":[{"href":"https:\/\/noticiasrec.com\/index.php?rest_route=\/wp\/v2\/types\/post"}],"author":[{"embeddable":true,"href":"https:\/\/noticiasrec.com\/index.php?rest_route=\/wp\/v2\/users\/2"}],"replies":[{"embeddable":true,"href":"https:\/\/noticiasrec.com\/index.php?rest_route=%2Fwp%2Fv2%2Fcomments&post=7337"}],"version-history":[{"count":1,"href":"https:\/\/noticiasrec.com\/index.php?rest_route=\/wp\/v2\/posts\/7337\/revisions"}],"predecessor-version":[{"id":7339,"href":"https:\/\/noticiasrec.com\/index.php?rest_route=\/wp\/v2\/posts\/7337\/revisions\/7339"}],"wp:featuredmedia":[{"embeddable":true,"href":"https:\/\/noticiasrec.com\/index.php?rest_route=\/wp\/v2\/media\/7338"}],"wp:attachment":[{"href":"https:\/\/noticiasrec.com\/index.php?rest_route=%2Fwp%2Fv2%2Fmedia&parent=7337"}],"wp:term":[{"taxonomy":"category","embeddable":true,"href":"https:\/\/noticiasrec.com\/index.php?rest_route=%2Fwp%2Fv2%2Fcategories&post=7337"},{"taxonomy":"post_tag","embeddable":true,"href":"https:\/\/noticiasrec.com\/index.php?rest_route=%2Fwp%2Fv2%2Ftags&post=7337"}],"curies":[{"name":"wp","href":"https:\/\/api.w.org\/{rel}","templated":true}]}}