{"id":7325,"date":"2020-10-02T15:01:49","date_gmt":"2020-10-02T15:01:49","guid":{"rendered":"http:\/\/noticiasrec.com\/?p=7325"},"modified":"2020-10-02T15:01:49","modified_gmt":"2020-10-02T15:01:49","slug":"jose-c-paz-operativo-socio-sanitario-preventivo-municipal","status":"publish","type":"post","link":"https:\/\/noticiasrec.com\/?p=7325","title":{"rendered":"Jos\u00e9 C. Paz: Operativo socio sanitario preventivo municipal"},"content":{"rendered":"\n<p> El municipio de Jos\u00e9 C. Paz realiz\u00f3 un operativo sanitario en el barrio \u00abSol y Verde\u00bb para detectar personas con sospecha de Covid positivo y otras problem\u00e1ticas o necesidades urgentes.<\/p>\n\n\n\n<p>Varios equipos de M\u00e9dicos, Lic en enfermer\u00eda, Lic. en trabajo social, Psic\u00f3logos, Promotores de Salud, equipo de desarrollo social y personal administrativo, recorren el barrios casa por casa, para reforzar las medidas de prevenci\u00f3n y aliviar la problem\u00e1tica que nos envuelve en el marco de la pandemia.<\/p>\n\n\n\n<p>En caso de que se sospeche de un caso positivo, mediante valoraci\u00f3n de s\u00edntomas y toma de temperatura corporal por parte de los agentes, se realiza hisopado correspondiente y se acent\u00faan las medidas de aislamiento social, entregando cubre bocas, elementos de desinfecci\u00f3n y alcohol en gel. <\/p>\n","protected":false},"excerpt":{"rendered":"<p>El municipio de Jos\u00e9 C. Paz realiz\u00f3 un operativo sanitario en el barrio \u00abSol y..<\/p>\n","protected":false},"author":2,"featured_media":7326,"comment_status":"open","ping_status":"open","sticky":false,"template":"","format":"standard","meta":{"footnotes":""},"categories":[10,3,19],"tags":[60,1158,1155,545,1157,1156,1154],"class_list":["post-7325","post","type-post","status-publish","format-standard","has-post-thumbnail","hentry","category-jose-c-paz","category-municipios","category-salud","tag-jose-c-paz","tag-lic-en-enfermeria","tag-medicos","tag-operativo","tag-promotores-de-salud","tag-psicologos","tag-socio-sanitario-preventivo"],"_links":{"self":[{"href":"https:\/\/noticiasrec.com\/index.php?rest_route=\/wp\/v2\/posts\/7325","targetHints":{"allow":["GET"]}}],"collection":[{"href":"https:\/\/noticiasrec.com\/index.php?rest_route=\/wp\/v2\/posts"}],"about":[{"href":"https:\/\/noticiasrec.com\/index.php?rest_route=\/wp\/v2\/types\/post"}],"author":[{"embeddable":true,"href":"https:\/\/noticiasrec.com\/index.php?rest_route=\/wp\/v2\/users\/2"}],"replies":[{"embeddable":true,"href":"https:\/\/noticiasrec.com\/index.php?rest_route=%2Fwp%2Fv2%2Fcomments&post=7325"}],"version-history":[{"count":1,"href":"https:\/\/noticiasrec.com\/index.php?rest_route=\/wp\/v2\/posts\/7325\/revisions"}],"predecessor-version":[{"id":7327,"href":"https:\/\/noticiasrec.com\/index.php?rest_route=\/wp\/v2\/posts\/7325\/revisions\/7327"}],"wp:featuredmedia":[{"embeddable":true,"href":"https:\/\/noticiasrec.com\/index.php?rest_route=\/wp\/v2\/media\/7326"}],"wp:attachment":[{"href":"https:\/\/noticiasrec.com\/index.php?rest_route=%2Fwp%2Fv2%2Fmedia&parent=7325"}],"wp:term":[{"taxonomy":"category","embeddable":true,"href":"https:\/\/noticiasrec.com\/index.php?rest_route=%2Fwp%2Fv2%2Fcategories&post=7325"},{"taxonomy":"post_tag","embeddable":true,"href":"https:\/\/noticiasrec.com\/index.php?rest_route=%2Fwp%2Fv2%2Ftags&post=7325"}],"curies":[{"name":"wp","href":"https:\/\/api.w.org\/{rel}","templated":true}]}}