{"id":7315,"date":"2020-09-26T15:21:53","date_gmt":"2020-09-26T15:21:53","guid":{"rendered":"http:\/\/noticiasrec.com\/?p=7315"},"modified":"2020-09-26T15:21:53","modified_gmt":"2020-09-26T15:21:53","slug":"se-dio-fin-a-un-hecho-delictivo-gracias-a-las-lectoras-de-patentes-del-com-malvinas-argentinas","status":"publish","type":"post","link":"https:\/\/noticiasrec.com\/?p=7315","title":{"rendered":"Se dio fin a un hecho delictivo gracias a las lectoras de patentes del COM Malvinas Argentinas"},"content":{"rendered":"\n<p><strong><em>Hay una persona detenida por robo. Sucedi\u00f3 en la localidad de Los Polvorines. Gracias al accionar del Centro de Operaciones Municipal se identific\u00f3 la patente del veh\u00edculo utilizado para el il\u00edcito y comenz\u00f3 el seguimiento.<\/em><\/strong><\/p>\n\n\n\n<p>Luego de un robo en un comercio de la localidad de Los Polvorines y por an\u00e1lisis criminol\u00f3gico del Centro de Operaciones Municipal (C.O.M.), una persona result\u00f3 detenida.<\/p>\n\n\n\n<p>El subsecretario de Seguridad del distrito, Jorge Cancio, explic\u00f3 c\u00f3mo fue el hecho: \u201cSe descubri\u00f3 cu\u00e1l era la camioneta que estaban usando, con otra c\u00e1mara se identific\u00f3 la patente, con la lectora de patente se empez\u00f3 el seguimiento y comprobamos una vez m\u00e1s cu\u00e1nto sirve el sistema del COM\u201d.<\/p>\n\n\n\n<p>Gracias a este accionar el damnificado pudo recuperar los electrodom\u00e9sticos sustra\u00eddos de su local, los cuales eran llevados a un dep\u00f3sito ubicado en la calle Rosario al 4200 de Los Polvorines. Los elementos fueron incautados, la investigaci\u00f3n contin\u00faa y hay \u00f3rdenes de allanamiento para dar fin al proceso.<br><\/p>\n","protected":false},"excerpt":{"rendered":"<p>Hay una persona detenida por robo. Sucedi\u00f3 en la localidad de Los Polvorines. Gracias al..<\/p>\n","protected":false},"author":2,"featured_media":7316,"comment_status":"open","ping_status":"open","sticky":false,"template":"","format":"standard","meta":{"footnotes":""},"categories":[9,18],"tags":[1147,1148,65,17,1149],"class_list":["post-7315","post","type-post","status-publish","format-standard","has-post-thumbnail","hentry","category-malvinas-argentinas","category-policiales","tag-com","tag-lectoras-de-patentes","tag-los-polvorines","tag-malvinas-argentinas","tag-persona-detenida"],"_links":{"self":[{"href":"https:\/\/noticiasrec.com\/index.php?rest_route=\/wp\/v2\/posts\/7315","targetHints":{"allow":["GET"]}}],"collection":[{"href":"https:\/\/noticiasrec.com\/index.php?rest_route=\/wp\/v2\/posts"}],"about":[{"href":"https:\/\/noticiasrec.com\/index.php?rest_route=\/wp\/v2\/types\/post"}],"author":[{"embeddable":true,"href":"https:\/\/noticiasrec.com\/index.php?rest_route=\/wp\/v2\/users\/2"}],"replies":[{"embeddable":true,"href":"https:\/\/noticiasrec.com\/index.php?rest_route=%2Fwp%2Fv2%2Fcomments&post=7315"}],"version-history":[{"count":1,"href":"https:\/\/noticiasrec.com\/index.php?rest_route=\/wp\/v2\/posts\/7315\/revisions"}],"predecessor-version":[{"id":7317,"href":"https:\/\/noticiasrec.com\/index.php?rest_route=\/wp\/v2\/posts\/7315\/revisions\/7317"}],"wp:featuredmedia":[{"embeddable":true,"href":"https:\/\/noticiasrec.com\/index.php?rest_route=\/wp\/v2\/media\/7316"}],"wp:attachment":[{"href":"https:\/\/noticiasrec.com\/index.php?rest_route=%2Fwp%2Fv2%2Fmedia&parent=7315"}],"wp:term":[{"taxonomy":"category","embeddable":true,"href":"https:\/\/noticiasrec.com\/index.php?rest_route=%2Fwp%2Fv2%2Fcategories&post=7315"},{"taxonomy":"post_tag","embeddable":true,"href":"https:\/\/noticiasrec.com\/index.php?rest_route=%2Fwp%2Fv2%2Ftags&post=7315"}],"curies":[{"name":"wp","href":"https:\/\/api.w.org\/{rel}","templated":true}]}}