{"id":7308,"date":"2020-09-21T21:27:40","date_gmt":"2020-09-21T21:27:40","guid":{"rendered":"http:\/\/noticiasrec.com\/?p=7308"},"modified":"2020-09-21T21:27:40","modified_gmt":"2020-09-21T21:27:40","slug":"se-fugaron-cuatro-presos-de-la-comisaria-1o-de-jose-c-paz-y-son-intensamente-buscados","status":"publish","type":"post","link":"https:\/\/noticiasrec.com\/?p=7308","title":{"rendered":"Se fugaron cuatro presos de la comisar\u00eda 1\u00ba de Jos\u00e9 C. Paz y son intensamente buscados"},"content":{"rendered":"\n<p> Los delincuentes fugaron tras limar los barrotes de una celda de una dependencia policial\u00a0de esa localidad bonaerense. Los reos implicados en la evasi\u00f3n est\u00e1n acusados por robo agravado, calificado y portaci\u00f3n ilegal de arma de guerra y encubrimiento. <\/p>\n\n\n\n<p> Se conocieron detalles de la fuga de los cuatro presos que en la madrugada de este lunes escaparon de la comisar\u00eda 1\u00aa de\u00a0<a href=\"https:\/\/www.cronica.com.ar\/tags\/Jos%C3%A9%20C.%20Paz\">Jos\u00e9 C. Paz<\/a>, en el noroeste del conurbano bonaerense. La Justicia se\u00f1al\u00f3 que los delincuentes\u00a0<strong>huyeron tras limar los barrotes de un calabozo<\/strong>. <\/p>\n\n\n\n<p> A su vez los funcionarios agregaron que\u00a0<strong>dentro de las celdas de esta seccional hab\u00eda 78 detenidos, cuando en realidad la dependencia tiene capacidad para alojar a 15 apresados<\/strong>. Adem\u00e1s, se comprob\u00f3 que en el lugar hab\u00eda 49 reos con orden de ser enviados a establecimientos carcelarios, pero en la actualidad los penales no reciben a nuevos reclusos a ra\u00edz de la pandemia de coronavirus. <\/p>\n\n\n\n<p> Los voceros de los tribunales de San Mart\u00edn revelaron que los implicados en la evasi\u00f3n fueron identificados como <strong>Luis Joel Valenzuela<\/strong>, de 30 a\u00f1os;\u00a0<strong>Alberto Ernesto Daniel Acosta<\/strong>, de 40;\u00a0<strong>Javier Carlos C\u00f3ceres<\/strong>, de 38;\u00a0<strong>Fernando Angel Duarte<\/strong>, de 24. <\/p>\n\n\n\n<p> De acuerdo a lo agregado por los informantes, Valenzuela est\u00e1 acusado de\u00a0<strong><em>\u201cRobo agravado\u201d<\/em><\/strong>, Acosta y C\u00f3ceres se encuentran imputados de\u00a0<strong><em>\u201cRobos calificados\u201d<\/em><\/strong>, en tanto que Duarte aparece implicado en un expediente por\u00a0<strong><em>\u201cPortaci\u00f3n ilegal de arma de guerra y encubrimiento\u201d<\/em><\/strong>, a disposiciones de las Unidades Funcionales N\u00b0 19, 21 y 23 de Malvinas Argentinas, y de los Juzgados de Garant\u00edas N\u00b0 2, 3, 4 y 6 de San Mart\u00edn. <\/p>\n\n\n\n<p>\n\nIntervino en la causa, que fue caratulada&nbsp;<strong><em>\u201cEvasi\u00f3n\u201d<\/em><\/strong>, el doctor&nbsp;<strong>Gustavo Mariano Carracedo<\/strong>, fiscal en turno de la Unidad Funcional N\u00b0 20 de Malvinas Argentinas, dependiente del departamento judicial de San Mart\u00edn.\n\n<\/p>\n\n\n\n<p>Fuente\/\/cronica.com.ar<\/p>\n\n\n\n<p><\/p>\n","protected":false},"excerpt":{"rendered":"<p>Los delincuentes fugaron tras limar los barrotes de una celda de una dependencia policial\u00a0de esa..<\/p>\n","protected":false},"author":2,"featured_media":7309,"comment_status":"open","ping_status":"open","sticky":false,"template":"","format":"standard","meta":{"footnotes":""},"categories":[10,3,18],"tags":[1137,1136,1135,1134,60],"class_list":["post-7308","post","type-post","status-publish","format-standard","has-post-thumbnail","hentry","category-jose-c-paz","category-municipios","category-policiales","tag-buscados","tag-comisaria-1o","tag-cuatro-presos","tag-fugaron","tag-jose-c-paz"],"_links":{"self":[{"href":"https:\/\/noticiasrec.com\/index.php?rest_route=\/wp\/v2\/posts\/7308","targetHints":{"allow":["GET"]}}],"collection":[{"href":"https:\/\/noticiasrec.com\/index.php?rest_route=\/wp\/v2\/posts"}],"about":[{"href":"https:\/\/noticiasrec.com\/index.php?rest_route=\/wp\/v2\/types\/post"}],"author":[{"embeddable":true,"href":"https:\/\/noticiasrec.com\/index.php?rest_route=\/wp\/v2\/users\/2"}],"replies":[{"embeddable":true,"href":"https:\/\/noticiasrec.com\/index.php?rest_route=%2Fwp%2Fv2%2Fcomments&post=7308"}],"version-history":[{"count":1,"href":"https:\/\/noticiasrec.com\/index.php?rest_route=\/wp\/v2\/posts\/7308\/revisions"}],"predecessor-version":[{"id":7310,"href":"https:\/\/noticiasrec.com\/index.php?rest_route=\/wp\/v2\/posts\/7308\/revisions\/7310"}],"wp:featuredmedia":[{"embeddable":true,"href":"https:\/\/noticiasrec.com\/index.php?rest_route=\/wp\/v2\/media\/7309"}],"wp:attachment":[{"href":"https:\/\/noticiasrec.com\/index.php?rest_route=%2Fwp%2Fv2%2Fmedia&parent=7308"}],"wp:term":[{"taxonomy":"category","embeddable":true,"href":"https:\/\/noticiasrec.com\/index.php?rest_route=%2Fwp%2Fv2%2Fcategories&post=7308"},{"taxonomy":"post_tag","embeddable":true,"href":"https:\/\/noticiasrec.com\/index.php?rest_route=%2Fwp%2Fv2%2Ftags&post=7308"}],"curies":[{"name":"wp","href":"https:\/\/api.w.org\/{rel}","templated":true}]}}