{"id":7305,"date":"2020-09-21T21:02:09","date_gmt":"2020-09-21T21:02:09","guid":{"rendered":"http:\/\/noticiasrec.com\/?p=7305"},"modified":"2020-09-21T21:02:09","modified_gmt":"2020-09-21T21:02:09","slug":"muere-por-covid-enfermera-y-se-convierte-en-el-primer-fallecimiento-entre-los-trabajadores-municipales-de-la-salud-de-jose-c-paz","status":"publish","type":"post","link":"https:\/\/noticiasrec.com\/?p=7305","title":{"rendered":"Muere por covid enfermera y se convierte en el primer fallecimiento entre los trabajadores municipales de la salud de Jos\u00e9 C. Paz"},"content":{"rendered":"\n<p> As\u00ed lo confirmaron en un comunicado expresado desde la municipalidad de Jos\u00e9 C. Paz, donde destacaron la labor llavada a cabo por la trabajadora de salud pace\u00f1a.<\/p>\n\n\n\n<p>\u00abEl gobierno municipal de Jos\u00e9 C. Paz lamenta profundamente informar que durante la madrugada de hoy se produjo el primer fallecimiento entre los trabajadores municipales de la salud, como consecuencia del <a href=\"https:\/\/www.facebook.com\/hashtag\/covid19?__eep__=6&amp;__cft__[0]=AZViy_0CzKJCRCKO9_akK_KHdgwexb-B4hN04Vw_EJE13Te8oDZnY5koPlmB3oE65YiUe6ewVXMWdoE1-NuHd0MV_g6QWCxEkRDbxq0DT6isfaoeJI1185oKbK7wMA_jCxJlTigMJD6aeNx9Gt2DHfldQBJWZrNk-zxi5IBJ3HWt0fp7qE4MB1qi1CYq6Vd11Lw&amp;__tn__=*NK-R\">#Covid19<\/a>.<\/p>\n\n\n\n<p>La p\u00e9rdida de nuestra enfermera Juana S\u00e1nchez conmocion\u00f3 al distrito ya que cumpli\u00f3 su deber con valent\u00eda y enorme entereza.Pace\u00f1a de alma, trabaj\u00f3 como enfermera en el centro de salud municipal de Alberdi y Sagrada Familia, estaba casada, ten\u00eda una hija y un nieto de 6 a\u00f1os. En los \u00faltimos meses cumpl\u00eda funciones como vacunadora del Centro de Atenci\u00f3n Primaria de la Salud (C.A.P.S) del barrio Sol y Verde.<\/p>\n\n\n\n<p>Tras estar internada durante quince d\u00edas en el Hospital y Centro de Tratamiento V\u00eda A\u00e9rea \u201cDomingo Angio\u201d, su estado de salud se agrav\u00f3 r\u00e1pidamente, a pesar de haber recibido plasma bajo los protocolos aprobados por el Ministerio de Salud de la Naci\u00f3n.<\/p>\n\n\n\n<p>Los pace\u00f1os reconocemos en toda su dimensi\u00f3n a los m\u00e9dicos, m\u00e9dicas, enfermeros y enfermeras, que arriesgan sus vidas por salvar nuestras vidas. <\/p>\n","protected":false},"excerpt":{"rendered":"<p>As\u00ed lo confirmaron en un comunicado expresado desde la municipalidad de Jos\u00e9 C. Paz, donde..<\/p>\n","protected":false},"author":2,"featured_media":7306,"comment_status":"open","ping_status":"open","sticky":false,"template":"","format":"standard","meta":{"footnotes":""},"categories":[10,3,19],"tags":[1073,1130,60,1132,1131,1133],"class_list":["post-7305","post","type-post","status-publish","format-standard","has-post-thumbnail","hentry","category-jose-c-paz","category-municipios","category-salud","tag-covid","tag-enfermera","tag-jose-c-paz","tag-juana-sanchez","tag-muere","tag-trabajadores-municipales-de-la-salud"],"_links":{"self":[{"href":"https:\/\/noticiasrec.com\/index.php?rest_route=\/wp\/v2\/posts\/7305","targetHints":{"allow":["GET"]}}],"collection":[{"href":"https:\/\/noticiasrec.com\/index.php?rest_route=\/wp\/v2\/posts"}],"about":[{"href":"https:\/\/noticiasrec.com\/index.php?rest_route=\/wp\/v2\/types\/post"}],"author":[{"embeddable":true,"href":"https:\/\/noticiasrec.com\/index.php?rest_route=\/wp\/v2\/users\/2"}],"replies":[{"embeddable":true,"href":"https:\/\/noticiasrec.com\/index.php?rest_route=%2Fwp%2Fv2%2Fcomments&post=7305"}],"version-history":[{"count":1,"href":"https:\/\/noticiasrec.com\/index.php?rest_route=\/wp\/v2\/posts\/7305\/revisions"}],"predecessor-version":[{"id":7307,"href":"https:\/\/noticiasrec.com\/index.php?rest_route=\/wp\/v2\/posts\/7305\/revisions\/7307"}],"wp:featuredmedia":[{"embeddable":true,"href":"https:\/\/noticiasrec.com\/index.php?rest_route=\/wp\/v2\/media\/7306"}],"wp:attachment":[{"href":"https:\/\/noticiasrec.com\/index.php?rest_route=%2Fwp%2Fv2%2Fmedia&parent=7305"}],"wp:term":[{"taxonomy":"category","embeddable":true,"href":"https:\/\/noticiasrec.com\/index.php?rest_route=%2Fwp%2Fv2%2Fcategories&post=7305"},{"taxonomy":"post_tag","embeddable":true,"href":"https:\/\/noticiasrec.com\/index.php?rest_route=%2Fwp%2Fv2%2Ftags&post=7305"}],"curies":[{"name":"wp","href":"https:\/\/api.w.org\/{rel}","templated":true}]}}