{"id":7302,"date":"2020-09-21T20:26:55","date_gmt":"2020-09-21T20:26:55","guid":{"rendered":"http:\/\/noticiasrec.com\/?p=7302"},"modified":"2020-09-21T20:26:55","modified_gmt":"2020-09-21T20:26:55","slug":"san-miguel-recibe-la-primavera-con-mas-arboles-y-espacios-verdes","status":"publish","type":"post","link":"https:\/\/noticiasrec.com\/?p=7302","title":{"rendered":"San Miguel recibe la primavera con m\u00e1s \u00e1rboles y espacios verdes"},"content":{"rendered":"\n<p>\n\nLa Municipalidad de San Miguel contin\u00faa con una gran plantaci\u00f3n de \u00e1rboles en espacios p\u00fablicos del distrito. Ya se colocaron casi 100 ejemplares (20 jacarand\u00e1 y 70 tilos) sobre las veredas de la Av. Balb\u00edn, entre Sarmiento y Libertad, y m\u00e1s de 30 (20 jacarand\u00e1 y 11 lapachos) en la Av. Riccheri, entre San Mart\u00edn y Senador Mor\u00f3n, dos importantes zonas comerciales del distrito.<\/p>\n\n\n\n<p>Pr\u00f3ximamente, se plantar\u00e1n \u00e1rboles en Maestro Ferreyra, en los tramos que van de Balb\u00edn a Espa\u00f1a y de Arg\u00fcero a Espora.&nbsp;<br>Adem\u00e1s, se hicieron alrededor de 110 plantaciones de jacarand\u00e1s a un lado y otro del boulevard de la Av. Santa Fe, en Bella Vista. Y el D\u00eda del \u00c1rbol se plant\u00f3 un nuevo omb\u00fa en la Plaza San Mart\u00edn de Mattaldi, en reemplazo del hist\u00f3rico ejemplar que se hab\u00eda ca\u00eddo.<br>En el marco de la renovaci\u00f3n de distintos espacios p\u00fablicos, se realizaron trabajos de forestaci\u00f3n y plantaciones en la plaza principal \u201cBartolom\u00e9 Mitre\u201d; en la ampliaci\u00f3n de la Estaci\u00f3n Bella Vista y en el Paseo de la Estaci\u00f3n, un nuevo espacio verde construido sobre el viejo and\u00e9n de San Miguel, donde en los pr\u00f3ximos d\u00edas se colocar\u00e1n tilos para dar m\u00e1s sombra.<br>Por otro lado, tambi\u00e9n se est\u00e1n forestando frentes de escuelas y centros de salud, entre otras veredas y lugares del distrito.<br><\/p>\n","protected":false},"excerpt":{"rendered":"<p>La Municipalidad de San Miguel contin\u00faa con una gran plantaci\u00f3n de \u00e1rboles en espacios p\u00fablicos..<\/p>\n","protected":false},"author":2,"featured_media":7303,"comment_status":"open","ping_status":"open","sticky":false,"template":"","format":"standard","meta":{"footnotes":""},"categories":[3,8],"tags":[1128,1127,1129,1110,57],"class_list":["post-7302","post","type-post","status-publish","format-standard","has-post-thumbnail","hentry","category-municipios","category-san-miguel","tag-espacios-verdes","tag-mas-arboles","tag-plantacion-de-arboles","tag-primavera","tag-san-miguel"],"_links":{"self":[{"href":"https:\/\/noticiasrec.com\/index.php?rest_route=\/wp\/v2\/posts\/7302","targetHints":{"allow":["GET"]}}],"collection":[{"href":"https:\/\/noticiasrec.com\/index.php?rest_route=\/wp\/v2\/posts"}],"about":[{"href":"https:\/\/noticiasrec.com\/index.php?rest_route=\/wp\/v2\/types\/post"}],"author":[{"embeddable":true,"href":"https:\/\/noticiasrec.com\/index.php?rest_route=\/wp\/v2\/users\/2"}],"replies":[{"embeddable":true,"href":"https:\/\/noticiasrec.com\/index.php?rest_route=%2Fwp%2Fv2%2Fcomments&post=7302"}],"version-history":[{"count":1,"href":"https:\/\/noticiasrec.com\/index.php?rest_route=\/wp\/v2\/posts\/7302\/revisions"}],"predecessor-version":[{"id":7304,"href":"https:\/\/noticiasrec.com\/index.php?rest_route=\/wp\/v2\/posts\/7302\/revisions\/7304"}],"wp:featuredmedia":[{"embeddable":true,"href":"https:\/\/noticiasrec.com\/index.php?rest_route=\/wp\/v2\/media\/7303"}],"wp:attachment":[{"href":"https:\/\/noticiasrec.com\/index.php?rest_route=%2Fwp%2Fv2%2Fmedia&parent=7302"}],"wp:term":[{"taxonomy":"category","embeddable":true,"href":"https:\/\/noticiasrec.com\/index.php?rest_route=%2Fwp%2Fv2%2Fcategories&post=7302"},{"taxonomy":"post_tag","embeddable":true,"href":"https:\/\/noticiasrec.com\/index.php?rest_route=%2Fwp%2Fv2%2Ftags&post=7302"}],"curies":[{"name":"wp","href":"https:\/\/api.w.org\/{rel}","templated":true}]}}