{"id":7292,"date":"2020-09-19T13:29:34","date_gmt":"2020-09-19T13:29:34","guid":{"rendered":"http:\/\/noticiasrec.com\/?p=7292"},"modified":"2020-09-19T13:29:34","modified_gmt":"2020-09-19T13:29:34","slug":"la-provincia-de-buenos-aires-abre-las-paritarias-de-estatales-y-docentes","status":"publish","type":"post","link":"https:\/\/noticiasrec.com\/?p=7292","title":{"rendered":"La provincia de Buenos Aires abre las paritarias de estatales y docentes"},"content":{"rendered":"\n<p>\n\nLuego del incremento que el gobernador Axel Kicillof otorg\u00f3 a la Polic\u00eda Bonaerense, el pr\u00f3ximo mi\u00e9rcoles 23 y jueves 24 comenzar\u00e1n los di\u00e1logos paritarios con otros dos sectores: estatales y docentes de la provincia.<\/p>\n\n\n\n<p>Seg\u00fan la agenda de reuniones, el mi\u00e9rcoles 23 a las 14 horas, ser\u00e1 el momento de los trabajadores estatales, en el marco de encuentros que se prev\u00e9 se desarrollen de manera virtual, teniendo en cuenta las precauciones por la pandemia de coronavirus. <\/p>\n\n\n\n<p>\n\nLa ministra de Trabajo, Mara Ruiz Malec y el ministro de Hacienda y Finanzas, Pablo L\u00f3pez, recibir\u00e1n al Secretario General ATE, Oscar de Isasi, entre otros sindicatos.<\/p>\n\n\n\n<p>En di\u00e1logo con El Destape, Oscar de Isasi detall\u00f3 que pedir\u00e1n \u201cque se le pague a todos los trabajadores esenciales la bonificaciones por Covid y que los salarios m\u00e1s bajos tengan un abordaje especial como son los y las trabajadores del registro de las personas, de ni\u00f1ez, el patronato de liberados, entre otros\u201d. <\/p>\n\n\n\n<p>\n\nAdem\u00e1s reclamar\u00e1n equiparar las asignaciones familiares con el estado nacional y comenzar un nuevo proceso de recategorizaciones.<\/p>\n\n\n\n<p>Por otro lado, el jueves, la ministra de Trabajo, junto a la Directora General de Cultura y Educaci\u00f3n, Agustina Vila, recibir\u00e1 a Mirta Petrocini y Roberto Baradel, entre otros representantes gremiales de la educaci\u00f3n.<\/p>\n\n\n\n<p>En lo que va del a\u00f1o, el primer incremento salarial que tuvieron los y las docentes fue del 16,6% en dos cuotas.<\/p>\n\n\n\n<p>Al respecto,<a href=\"https:\/\/www.pilardetodos.com.ar\/secciones\/noticias\/educacion\/los-docentes-bonaerenses-piden-que-se-los-convoquen-para-discutir-la-paritaria\">&nbsp;la presidente de la Federaci\u00f3n de Educadores Bonaerenses (FEB), Mirta Petrocini record\u00f3 que \u201cel acuerdo paritario de comienzos de este a\u00f1o, se garantizaba la continuidad del trabajo&nbsp;<\/a>de todas las Comisiones a partir del segundo semestre del 2020\u201d, por lo que \u201ces urgente discutir el salario de los docentes para los pr\u00f3ximos meses\u201d.<\/p>\n\n\n\n<p>El pedido de los gremios est\u00e1 motivado adem\u00e1s por el requerimiento de recursos tecnol\u00f3gicos y de conectividad para garantizar la continuidad pedag\u00f3gica que, al mismo tiempo, tienen un impacto directo en los salarios docentes.\n\n<\/p>\n","protected":false},"excerpt":{"rendered":"<p>Luego del incremento que el gobernador Axel Kicillof otorg\u00f3 a la Polic\u00eda Bonaerense, el pr\u00f3ximo..<\/p>\n","protected":false},"author":2,"featured_media":7293,"comment_status":"open","ping_status":"open","sticky":false,"template":"","format":"standard","meta":{"footnotes":""},"categories":[25,2,22],"tags":[293,316,441,291,1121,1120,1119,164],"class_list":["post-7292","post","type-post","status-publish","format-standard","has-post-thumbnail","hentry","category-educacion","category-provincia","category-sindicales","tag-ate","tag-axel-kicillof","tag-docentes","tag-estatales","tag-feb","tag-miercoles-23-y-jueves-24","tag-paritarias","tag-provincia-de-buenos-aires"],"_links":{"self":[{"href":"https:\/\/noticiasrec.com\/index.php?rest_route=\/wp\/v2\/posts\/7292","targetHints":{"allow":["GET"]}}],"collection":[{"href":"https:\/\/noticiasrec.com\/index.php?rest_route=\/wp\/v2\/posts"}],"about":[{"href":"https:\/\/noticiasrec.com\/index.php?rest_route=\/wp\/v2\/types\/post"}],"author":[{"embeddable":true,"href":"https:\/\/noticiasrec.com\/index.php?rest_route=\/wp\/v2\/users\/2"}],"replies":[{"embeddable":true,"href":"https:\/\/noticiasrec.com\/index.php?rest_route=%2Fwp%2Fv2%2Fcomments&post=7292"}],"version-history":[{"count":1,"href":"https:\/\/noticiasrec.com\/index.php?rest_route=\/wp\/v2\/posts\/7292\/revisions"}],"predecessor-version":[{"id":7294,"href":"https:\/\/noticiasrec.com\/index.php?rest_route=\/wp\/v2\/posts\/7292\/revisions\/7294"}],"wp:featuredmedia":[{"embeddable":true,"href":"https:\/\/noticiasrec.com\/index.php?rest_route=\/wp\/v2\/media\/7293"}],"wp:attachment":[{"href":"https:\/\/noticiasrec.com\/index.php?rest_route=%2Fwp%2Fv2%2Fmedia&parent=7292"}],"wp:term":[{"taxonomy":"category","embeddable":true,"href":"https:\/\/noticiasrec.com\/index.php?rest_route=%2Fwp%2Fv2%2Fcategories&post=7292"},{"taxonomy":"post_tag","embeddable":true,"href":"https:\/\/noticiasrec.com\/index.php?rest_route=%2Fwp%2Fv2%2Ftags&post=7292"}],"curies":[{"name":"wp","href":"https:\/\/api.w.org\/{rel}","templated":true}]}}