{"id":7289,"date":"2020-09-19T13:07:39","date_gmt":"2020-09-19T13:07:39","guid":{"rendered":"http:\/\/noticiasrec.com\/?p=7289"},"modified":"2020-09-19T13:07:39","modified_gmt":"2020-09-19T13:07:39","slug":"mas-espacio-al-aire-libre-para-locales-gastronomicos-en-san-miguel","status":"publish","type":"post","link":"https:\/\/noticiasrec.com\/?p=7289","title":{"rendered":"M\u00e1s espacio al aire libre para locales gastron\u00f3micos en San Miguel"},"content":{"rendered":"\n<p>\n\nLa Municipalidad de San Miguel lanz\u00f3 un plan de apoyo al sector gastron\u00f3mico que busca ampliar las capacidades de los locales al aire libre y as\u00ed favorecer a uno de los rubros m\u00e1s afectados por la pandemia y la cuarentena.<\/p>\n\n\n\n<p>Teniendo en cuenta que habr\u00e1 que seguir conviviendo con el virus, con todos los protocolos y recaudos, por lo menos unos meses m\u00e1s, es necesario buscar alternativas creativas para que cada una de las actividades comerciales pueda salir adelante.<\/p>\n\n\n\n<p>En ese marco, en San Miguel adem\u00e1s de permitir, como primera medida, que los locales gastron\u00f3micos puedan colocar mesas y sillas en veredas y espacios al aire libre, el Municipio colabora ahora con la construcci\u00f3n de \u00abparklets\u00bb o terrazas que garantizan un cerramiento sobre la calle, en espacios de estacionamiento de autos cedidos a tales fines.<\/p>\n\n\n\n<p>El objetivo es ampliar las capacidades de los locales al aire libre, potenciar y embellecer el espacio p\u00fablico y que los vecinos puedan disfrutar de salidas con distanciamiento y sin riesgos.<\/p>\n\n\n\n<p>En esa l\u00ednea, tambi\u00e9n se eximir\u00e1 a los locales del pago de la tasa por utilizaci\u00f3n del espacio p\u00fablico, como otro de los beneficios que se otorgan desde el Ejecutivo local al sector.<\/p>\n\n\n\n<p>En caso de querer avanzar con esta medida, y conocer los criterios y procedimientos de instalaci\u00f3n de los parklets, cada gastron\u00f3mico deber\u00e1 comunicarse con el Municipio enviando un mail a&nbsp;<a href=\"mailto:msmcercosyveredas@gmail.com\" target=\"_blank\" rel=\"noreferrer noopener\">msmcercosyveredas@gmail.com<\/a>&nbsp;o llamando al 6091-7130, interno 6331.\n\n<\/p>\n","protected":false},"excerpt":{"rendered":"<p>La Municipalidad de San Miguel lanz\u00f3 un plan de apoyo al sector gastron\u00f3mico que busca..<\/p>\n","protected":false},"author":2,"featured_media":7290,"comment_status":"open","ping_status":"open","sticky":false,"template":"","format":"standard","meta":{"footnotes":""},"categories":[51,3,8,5],"tags":[1117,1116,952,1118,57],"class_list":["post-7289","post","type-post","status-publish","format-standard","has-post-thumbnail","hentry","category-economia","category-municipios","category-san-miguel","category-sociedad","tag-al-aire-libre","tag-locales-gastronomicos","tag-pandemia","tag-plan-de-apoyo","tag-san-miguel"],"_links":{"self":[{"href":"https:\/\/noticiasrec.com\/index.php?rest_route=\/wp\/v2\/posts\/7289","targetHints":{"allow":["GET"]}}],"collection":[{"href":"https:\/\/noticiasrec.com\/index.php?rest_route=\/wp\/v2\/posts"}],"about":[{"href":"https:\/\/noticiasrec.com\/index.php?rest_route=\/wp\/v2\/types\/post"}],"author":[{"embeddable":true,"href":"https:\/\/noticiasrec.com\/index.php?rest_route=\/wp\/v2\/users\/2"}],"replies":[{"embeddable":true,"href":"https:\/\/noticiasrec.com\/index.php?rest_route=%2Fwp%2Fv2%2Fcomments&post=7289"}],"version-history":[{"count":1,"href":"https:\/\/noticiasrec.com\/index.php?rest_route=\/wp\/v2\/posts\/7289\/revisions"}],"predecessor-version":[{"id":7291,"href":"https:\/\/noticiasrec.com\/index.php?rest_route=\/wp\/v2\/posts\/7289\/revisions\/7291"}],"wp:featuredmedia":[{"embeddable":true,"href":"https:\/\/noticiasrec.com\/index.php?rest_route=\/wp\/v2\/media\/7290"}],"wp:attachment":[{"href":"https:\/\/noticiasrec.com\/index.php?rest_route=%2Fwp%2Fv2%2Fmedia&parent=7289"}],"wp:term":[{"taxonomy":"category","embeddable":true,"href":"https:\/\/noticiasrec.com\/index.php?rest_route=%2Fwp%2Fv2%2Fcategories&post=7289"},{"taxonomy":"post_tag","embeddable":true,"href":"https:\/\/noticiasrec.com\/index.php?rest_route=%2Fwp%2Fv2%2Ftags&post=7289"}],"curies":[{"name":"wp","href":"https:\/\/api.w.org\/{rel}","templated":true}]}}