{"id":7270,"date":"2020-09-09T22:07:53","date_gmt":"2020-09-09T22:07:53","guid":{"rendered":"http:\/\/noticiasrec.com\/?p=7270"},"modified":"2020-09-09T22:07:53","modified_gmt":"2020-09-09T22:07:53","slug":"mario-ishii-el-reclamo-es-legitimo-pero-lo-de-olivos-es-inadmisible-y-preocupante","status":"publish","type":"post","link":"https:\/\/noticiasrec.com\/?p=7270","title":{"rendered":"Mario Ishii: \u00abEl reclamo es legitimo pero lo de Olivos es inadmisible y preocupante\u00bb"},"content":{"rendered":"\n<p> En el marco de las protestas de la polic\u00eda de la provincia que se llevan adelante desde la noche del lunes y durante los d\u00edas subsiguientes, en reclamo de mejoras salariales, el intendente de Jos\u00e9 C. Paz Mario Ishii, dej\u00f3 en claro su postura al respecto en su cuenta de Twitter: <\/p>\n\n\n\n<p>\u00bb Es leg\u00edtimo el reclamo de mejores condiciones laborales. Pero la intimidaci\u00f3n realizada en la quinta de Olivos es inadmisible y preocupante, y tiene como objetivo condicionar a un gobierno democr\u00e1tico que ha escuchado los pedidos y busca solucionarlos a trav\u00e9s del di\u00e1logo\u00bb <\/p>\n\n\n\n<p>En el distrito de Jos\u00e9 C. Paz pudieron verse patrulleros al costado de las rutas 8 y 124 donde personal que desarrolla tareas en ese municipio protest\u00f3 en sinton\u00eda con colegas que llevan a cabo los reclamos en toda la provincia de Buenos Aires.<\/p>\n","protected":false},"excerpt":{"rendered":"<p>En el marco de las protestas de la polic\u00eda de la provincia que se llevan..<\/p>\n","protected":false},"author":2,"featured_media":7271,"comment_status":"open","ping_status":"open","sticky":false,"template":"","format":"standard","meta":{"footnotes":""},"categories":[10,3,18,2],"tags":[1103,62,1097,1104,1105],"class_list":["post-7270","post","type-post","status-publish","format-standard","has-post-thumbnail","hentry","category-jose-c-paz","category-municipios","category-policiales","category-provincia","tag-inadmisible-y-preocupante","tag-mario-ishii","tag-patrulleros","tag-protestas-de-la-policia","tag-quinta-de-olivos"],"_links":{"self":[{"href":"https:\/\/noticiasrec.com\/index.php?rest_route=\/wp\/v2\/posts\/7270","targetHints":{"allow":["GET"]}}],"collection":[{"href":"https:\/\/noticiasrec.com\/index.php?rest_route=\/wp\/v2\/posts"}],"about":[{"href":"https:\/\/noticiasrec.com\/index.php?rest_route=\/wp\/v2\/types\/post"}],"author":[{"embeddable":true,"href":"https:\/\/noticiasrec.com\/index.php?rest_route=\/wp\/v2\/users\/2"}],"replies":[{"embeddable":true,"href":"https:\/\/noticiasrec.com\/index.php?rest_route=%2Fwp%2Fv2%2Fcomments&post=7270"}],"version-history":[{"count":1,"href":"https:\/\/noticiasrec.com\/index.php?rest_route=\/wp\/v2\/posts\/7270\/revisions"}],"predecessor-version":[{"id":7272,"href":"https:\/\/noticiasrec.com\/index.php?rest_route=\/wp\/v2\/posts\/7270\/revisions\/7272"}],"wp:featuredmedia":[{"embeddable":true,"href":"https:\/\/noticiasrec.com\/index.php?rest_route=\/wp\/v2\/media\/7271"}],"wp:attachment":[{"href":"https:\/\/noticiasrec.com\/index.php?rest_route=%2Fwp%2Fv2%2Fmedia&parent=7270"}],"wp:term":[{"taxonomy":"category","embeddable":true,"href":"https:\/\/noticiasrec.com\/index.php?rest_route=%2Fwp%2Fv2%2Fcategories&post=7270"},{"taxonomy":"post_tag","embeddable":true,"href":"https:\/\/noticiasrec.com\/index.php?rest_route=%2Fwp%2Fv2%2Ftags&post=7270"}],"curies":[{"name":"wp","href":"https:\/\/api.w.org\/{rel}","templated":true}]}}