{"id":7267,"date":"2020-09-09T13:30:42","date_gmt":"2020-09-09T13:30:42","guid":{"rendered":"http:\/\/noticiasrec.com\/?p=7267"},"modified":"2020-09-09T13:30:42","modified_gmt":"2020-09-09T13:30:42","slug":"suspenden-la-sube-a-los-no-esenciales-o-no-exceptuados-en-amba","status":"publish","type":"post","link":"https:\/\/noticiasrec.com\/?p=7267","title":{"rendered":"Suspenden la SUBE a los no esenciales o no exceptuados en AMBA"},"content":{"rendered":"\n<p>\n\nLa decisi\u00f3n de&nbsp;<strong>suspender temporalmente las tarjetas SUBE a pasajeros que no sean trabajadores y trabajadoras esenciales o exceptuados<\/strong>, y que hayan realizado viajes interjurisdiccionales en el \u00c1mbito Metropolitano de Buenos Aires (&nbsp;<a href=\"https:\/\/www.cronica.com.ar\/tags\/AMBA\">AMBA<\/a>) durante dos d\u00edas consecutivos, qued\u00f3 oficializada hoy con su publicaci\u00f3n en el Bolet\u00edn Oficial.<\/p>\n\n\n\n<p>A trav\u00e9s de la Resoluci\u00f3n 197\/2020 del Ministerio de Transporte, qued\u00f3 aprobado el protocolo\u00a0<em>\u00abpara la suspensi\u00f3n temporal de las tarjetas del SUBE en el marco del aislamiento social, preventivo y obligatorio que rige por la pandemia de coronavirus\u00bb<\/em>\u00a0a quienes\u00a0<strong>no cumplan con la condici\u00f3n de desarrollar actividades esenciales y exceptuadas<\/strong>, con el fin de minimizar los riesgos de contagios de coronavirus. <\/p>\n\n\n\n<p> De esta forma, la norma fij\u00f3 las pautas para\u00a0<strong>el cruce de la informaci\u00f3n entre los registros<\/strong>\u00a0de la SUBE y los Certificados \u00danicos Habilitantes para la Circulaci\u00f3n (CUHC), que permitir\u00e1 i\u00a0<strong>dentificar a aquellos pasajeros del AMBA que utilicen medios p\u00fablicos de transporte sin cumplir con el requisito de desarrollar actividades esenciales o exceptuadas<\/strong>. <\/p>\n\n\n\n<p> El protocolo establece que\u00a0<strong>la autoridad de aplicaci\u00f3n del SUBE podr\u00e1 establecer la suspensi\u00f3n provisoria de una tarjeta<\/strong>, cuando se constate que la misma no est\u00e9 asociada a un CUHC o documentaci\u00f3n que acredite que se encuentra exceptuado para circular, y que\u00a0<strong>haya sido utilizada para realizar viajes en el transporte p\u00fablico automotor de pasajeros interjurisdiccional durante dos d\u00edas consecutivos o m\u00e1s<\/strong>. <\/p>\n\n\n\n<p>\n\nAdem\u00e1s, indica que en tal caso,&nbsp;<strong>dicha tarjeta ser\u00e1 suspendida por el t\u00e9rmino de siete d\u00edas corridos, a contar a partir de la fecha de su \u00faltimo uso<\/strong>.<\/p>\n\n\n\n<p>La&nbsp;<strong>suspensi\u00f3n temporal de la tarjeta SUBE no producir\u00e1 ning\u00fan efecto respecto del saldo de carga que posea la tarjeta<\/strong>, que podr\u00e1 ser utilizado normalmente por el usuario o usuaria al finalizar el plazo de la suspensi\u00f3n.<br><\/p>\n","protected":false},"excerpt":{"rendered":"<p>La decisi\u00f3n de&nbsp;suspender temporalmente las tarjetas SUBE a pasajeros que no sean trabajadores y trabajadoras..<\/p>\n","protected":false},"author":2,"featured_media":7268,"comment_status":"open","ping_status":"open","sticky":false,"template":"","format":"standard","meta":{"footnotes":""},"categories":[3,2,5,34],"tags":[787,707,1102,1100,1101],"class_list":["post-7267","post","type-post","status-publish","format-standard","has-post-thumbnail","hentry","category-municipios","category-provincia","category-sociedad","category-tecnologia","tag-amba","tag-coronavirus","tag-no-esenciales","tag-sube","tag-suspenden"],"_links":{"self":[{"href":"https:\/\/noticiasrec.com\/index.php?rest_route=\/wp\/v2\/posts\/7267","targetHints":{"allow":["GET"]}}],"collection":[{"href":"https:\/\/noticiasrec.com\/index.php?rest_route=\/wp\/v2\/posts"}],"about":[{"href":"https:\/\/noticiasrec.com\/index.php?rest_route=\/wp\/v2\/types\/post"}],"author":[{"embeddable":true,"href":"https:\/\/noticiasrec.com\/index.php?rest_route=\/wp\/v2\/users\/2"}],"replies":[{"embeddable":true,"href":"https:\/\/noticiasrec.com\/index.php?rest_route=%2Fwp%2Fv2%2Fcomments&post=7267"}],"version-history":[{"count":1,"href":"https:\/\/noticiasrec.com\/index.php?rest_route=\/wp\/v2\/posts\/7267\/revisions"}],"predecessor-version":[{"id":7269,"href":"https:\/\/noticiasrec.com\/index.php?rest_route=\/wp\/v2\/posts\/7267\/revisions\/7269"}],"wp:featuredmedia":[{"embeddable":true,"href":"https:\/\/noticiasrec.com\/index.php?rest_route=\/wp\/v2\/media\/7268"}],"wp:attachment":[{"href":"https:\/\/noticiasrec.com\/index.php?rest_route=%2Fwp%2Fv2%2Fmedia&parent=7267"}],"wp:term":[{"taxonomy":"category","embeddable":true,"href":"https:\/\/noticiasrec.com\/index.php?rest_route=%2Fwp%2Fv2%2Fcategories&post=7267"},{"taxonomy":"post_tag","embeddable":true,"href":"https:\/\/noticiasrec.com\/index.php?rest_route=%2Fwp%2Fv2%2Ftags&post=7267"}],"curies":[{"name":"wp","href":"https:\/\/api.w.org\/{rel}","templated":true}]}}