{"id":7254,"date":"2020-09-04T20:51:33","date_gmt":"2020-09-04T20:51:33","guid":{"rendered":"http:\/\/noticiasrec.com\/?p=7254"},"modified":"2020-09-04T20:51:33","modified_gmt":"2020-09-04T20:51:33","slug":"anunciaron-el-despliegue-de-casi-4-000-efectivos-de-seguridad-en-la-provincia-de-buenos-aires","status":"publish","type":"post","link":"https:\/\/noticiasrec.com\/?p=7254","title":{"rendered":"Anunciaron el despliegue de casi 4.000 efectivos de seguridad en la provincia de Buenos Aires"},"content":{"rendered":"\n<p>\n\nEl jefe de Gabinete, Santiago Cafiero, destac\u00f3 la \u00abmirada integral\u00bb del Programa de Fortalecimiento de Seguridad para la provincia de Buenos Aires, que incluir\u00e1 la incorporaci\u00f3n de 2.200 nuevos m\u00f3viles y el despliegue de 3.957 efectivos en el conurbano.<\/p>\n\n\n\n<p>As\u00ed lo afirm\u00f3 al participar desde San Isidro de la presentaci\u00f3n del plan, que encabez\u00f3 desde la residencia de Olivos el presidente Alberto Fern\u00e1ndez, junto a los 24 intendentes de los municipios del \u00e1rea metropolitana.<\/p>\n\n\n\n<p>\u201cPara nosotros es muy importante poder cumplir con un compromiso que hab\u00eda tenido el Presidente y que es tener la seguridad como prioridad, y ese programa tiene una mirada integral, por eso precisamos la articulaci\u00f3n entre el Gobierno nacional, provincial y municipal en este programa\u201d, indic\u00f3 Cafiero. <\/p>\n\n\n\n<p>\n\nEl jefe de Gabinete indic\u00f3 que \u201ceste convenio de fortalecimiento de la seguridad a la provincia de Buenos Aires incluir\u00e1 2.200 m\u00f3viles, c\u00e1maras de seguridad, botones antip\u00e1nico y todo lo que tiene que ver con la tecnolog\u00eda aplicada al combate contra la inseguridad\u201d.<\/p>\n\n\n\n<p>\u201cLuego -continu\u00f3 Cafiero- se va a avanzar en el despliegue de fuerzas federales en la provincia de Buenos Aires. Son 3957 efectivos nuevos que se van a estar desplegando, y esto equivale a un 100 por ciento m\u00e1s de efectivos\u201d.<\/p>\n\n\n\n<p>El funcionario indic\u00f3 que \u201ctambi\u00e9n se avanza con la creaci\u00f3n de 12 nuevas unidades carcelarias\u201d.<\/p>\n\n\n\n<p>\u2028Cafiero detall\u00f3 que \u201cdos de estas unidades van a poder albergar 1.000 reclusos cada una, mientras que las otras 10 alcaid\u00edas podr\u00e1n albergar 300 reclusos cada una\u201d.<\/p>\n\n\n\n<p>\u201cEsto lleva a que habr\u00e1 5.000 nuevas plazas para reclusos y de este modo se podr\u00e1 liberar lo que est\u00e1 sucediendo en las comisar\u00edas de la provincia de Buenos Aires y poder trasladar a los reclusos de estas comisar\u00edas a estas nuevas dependencias carcelarias\u201d, precis\u00f3.<\/p>\n\n\n\n<p>Cafiero manifest\u00f3 que \u201cesto ser\u00e1 un n\u00famero de 5.000 nuevas plazas y all\u00ed se hace una inversi\u00f3n de 20 mil millones de pesos de parte del ministerio de Obras P\u00fablicas\u201d.<\/p>\n\n\n\n<p>En relaci\u00f3n a las llamadas \u201cparadas seguras\u201d, Cafiero dijo que abarcan 4.000 paradas de transporte p\u00fablico que tendr\u00e1n \u201cbot\u00f3n antip\u00e1tico integrado con c\u00e1maras de seguridad y tambi\u00e9n con acceso inmediato de r\u00e1pida respuesta a cada una de estas paradas seguras, con una inversi\u00f3n de m\u00e1s de 3.500 millones de pesos\u201d.\n\n<\/p>\n","protected":false},"excerpt":{"rendered":"<p>El jefe de Gabinete, Santiago Cafiero, destac\u00f3 la \u00abmirada integral\u00bb del Programa de Fortalecimiento de..<\/p>\n","protected":false},"author":2,"featured_media":7255,"comment_status":"open","ping_status":"open","sticky":false,"template":"","format":"standard","meta":{"footnotes":""},"categories":[3,18,2],"tags":[1089,1086,1085,1088,164,805,1087],"class_list":["post-7254","post","type-post","status-publish","format-standard","has-post-thumbnail","hentry","category-municipios","category-policiales","category-provincia","tag-2-200-nuevos-moviles","tag-4-000-efectivos","tag-despliegue","tag-programa-de-fortalecimiento-de-seguridad","tag-provincia-de-buenos-aires","tag-santiago-cafiero","tag-seguridad"],"_links":{"self":[{"href":"https:\/\/noticiasrec.com\/index.php?rest_route=\/wp\/v2\/posts\/7254","targetHints":{"allow":["GET"]}}],"collection":[{"href":"https:\/\/noticiasrec.com\/index.php?rest_route=\/wp\/v2\/posts"}],"about":[{"href":"https:\/\/noticiasrec.com\/index.php?rest_route=\/wp\/v2\/types\/post"}],"author":[{"embeddable":true,"href":"https:\/\/noticiasrec.com\/index.php?rest_route=\/wp\/v2\/users\/2"}],"replies":[{"embeddable":true,"href":"https:\/\/noticiasrec.com\/index.php?rest_route=%2Fwp%2Fv2%2Fcomments&post=7254"}],"version-history":[{"count":1,"href":"https:\/\/noticiasrec.com\/index.php?rest_route=\/wp\/v2\/posts\/7254\/revisions"}],"predecessor-version":[{"id":7256,"href":"https:\/\/noticiasrec.com\/index.php?rest_route=\/wp\/v2\/posts\/7254\/revisions\/7256"}],"wp:featuredmedia":[{"embeddable":true,"href":"https:\/\/noticiasrec.com\/index.php?rest_route=\/wp\/v2\/media\/7255"}],"wp:attachment":[{"href":"https:\/\/noticiasrec.com\/index.php?rest_route=%2Fwp%2Fv2%2Fmedia&parent=7254"}],"wp:term":[{"taxonomy":"category","embeddable":true,"href":"https:\/\/noticiasrec.com\/index.php?rest_route=%2Fwp%2Fv2%2Fcategories&post=7254"},{"taxonomy":"post_tag","embeddable":true,"href":"https:\/\/noticiasrec.com\/index.php?rest_route=%2Fwp%2Fv2%2Ftags&post=7254"}],"curies":[{"name":"wp","href":"https:\/\/api.w.org\/{rel}","templated":true}]}}