{"id":7244,"date":"2020-08-27T21:36:24","date_gmt":"2020-08-27T21:36:24","guid":{"rendered":"http:\/\/noticiasrec.com\/?p=7244"},"modified":"2020-08-27T21:36:24","modified_gmt":"2020-08-27T21:36:24","slug":"vuelven-a-realizarse-tramites-de-licencias-de-conducir-en-san-miguel","status":"publish","type":"post","link":"https:\/\/noticiasrec.com\/?p=7244","title":{"rendered":"Vuelven a realizarse tr\u00e1mites de licencias de conducir en San Miguel"},"content":{"rendered":"\n<p>La Municipalidad de San Miguel vuelve a realizar los siguientes tr\u00e1mites de licencias de conducir: renovaciones, ampliaciones y duplicados.<\/p>\n\n\n\n<p>Por protocolo sanitario, los turnos son reducidos y no se otorgar\u00e1n a personas mayores de 70 a\u00f1os.<\/p>\n\n\n\n<p>Ya se encuentra disponible la agenda de septiembre y se puede sacar turno ingresando al link:&nbsp;<a href=\"https:\/\/cutt.ly\/kffYaAn\" target=\"_blank\" rel=\"noreferrer noopener\">https:\/\/cutt.ly\/kffYaAn<\/a>&nbsp;o llamando al 0800-222-8324.<\/p>\n\n\n\n<p>Una vez confirmado el turno, el tr\u00e1mite se hace el d\u00eda y horario indicado en la Direcci\u00f3n de Licencias de Conducir, ubicada en Per\u00f3n 415, Mu\u00f1iz.\n\n<\/p>\n","protected":false},"excerpt":{"rendered":"<p>La Municipalidad de San Miguel vuelve a realizar los siguientes tr\u00e1mites de licencias de conducir:..<\/p>\n","protected":false},"author":2,"featured_media":7245,"comment_status":"open","ping_status":"open","sticky":false,"template":"","format":"standard","meta":{"footnotes":""},"categories":[3,8],"tags":[1078,1079,1076,1077,57,1075,1080],"class_list":["post-7244","post","type-post","status-publish","format-standard","has-post-thumbnail","hentry","category-municipios","category-san-miguel","tag-ampliaciones","tag-duplicados","tag-licencias-de-conducir","tag-renovaciones","tag-san-miguel","tag-tramites","tag-vuelven-a-realizarse"],"_links":{"self":[{"href":"https:\/\/noticiasrec.com\/index.php?rest_route=\/wp\/v2\/posts\/7244","targetHints":{"allow":["GET"]}}],"collection":[{"href":"https:\/\/noticiasrec.com\/index.php?rest_route=\/wp\/v2\/posts"}],"about":[{"href":"https:\/\/noticiasrec.com\/index.php?rest_route=\/wp\/v2\/types\/post"}],"author":[{"embeddable":true,"href":"https:\/\/noticiasrec.com\/index.php?rest_route=\/wp\/v2\/users\/2"}],"replies":[{"embeddable":true,"href":"https:\/\/noticiasrec.com\/index.php?rest_route=%2Fwp%2Fv2%2Fcomments&post=7244"}],"version-history":[{"count":1,"href":"https:\/\/noticiasrec.com\/index.php?rest_route=\/wp\/v2\/posts\/7244\/revisions"}],"predecessor-version":[{"id":7246,"href":"https:\/\/noticiasrec.com\/index.php?rest_route=\/wp\/v2\/posts\/7244\/revisions\/7246"}],"wp:featuredmedia":[{"embeddable":true,"href":"https:\/\/noticiasrec.com\/index.php?rest_route=\/wp\/v2\/media\/7245"}],"wp:attachment":[{"href":"https:\/\/noticiasrec.com\/index.php?rest_route=%2Fwp%2Fv2%2Fmedia&parent=7244"}],"wp:term":[{"taxonomy":"category","embeddable":true,"href":"https:\/\/noticiasrec.com\/index.php?rest_route=%2Fwp%2Fv2%2Fcategories&post=7244"},{"taxonomy":"post_tag","embeddable":true,"href":"https:\/\/noticiasrec.com\/index.php?rest_route=%2Fwp%2Fv2%2Ftags&post=7244"}],"curies":[{"name":"wp","href":"https:\/\/api.w.org\/{rel}","templated":true}]}}