{"id":7228,"date":"2020-08-25T19:34:04","date_gmt":"2020-08-25T19:34:04","guid":{"rendered":"http:\/\/noticiasrec.com\/?p=7228"},"modified":"2020-08-25T19:35:02","modified_gmt":"2020-08-25T19:35:02","slug":"nardini-firmo-convenio-con-nacion-para-construir-un-nuevo-paso-bajo-nivel-en-los-polvorines","status":"publish","type":"post","link":"https:\/\/noticiasrec.com\/?p=7228","title":{"rendered":"Nardini firm\u00f3 convenio con Naci\u00f3n para construir un nuevo paso bajo nivel en Los Polvorines"},"content":{"rendered":"\n<p>\n\nEl intendente de Malvinas Argentinas Leonardo Nardini firm\u00f3, en un acto celebrado en cercan\u00edas a la estaci\u00f3n Victoria, un convenio con la Administraci\u00f3n de Infraestructuras Ferroviarias (ADIF) del Estado Nacional que dispone la construcci\u00f3n de un paso bajo nivel a la altura del kil\u00f3metro 33,673 del Ferrocarril Belgrano Norte.<br>Conectar\u00e1 la Av. Sim\u00f3n de Iriondo, una de las arterias que hoy forman parte del Predio Municipal, pasar\u00e1 por debajo de las v\u00edas del ferrocarril y desembocar\u00e1 en la Av. Pte. Per\u00f3n. Actualmente la Av. Iriondo es solo utilizada internamente en el Ex Batall\u00f3n de Los Polvorines, pero con esta construcci\u00f3n ser\u00e1 de libre circulaci\u00f3n y se transformar\u00e1 en una nueva v\u00eda de tr\u00e1nsito mediano y peatonal.<br>Del acto celebrado en el partido de San Fernando, participaron virtualmente el presidente Alberto Fern\u00e1ndez; el gobernador Axel Kicillof; el presidente de la c\u00e1mara de Diputados, Sergio Massa; el ministro de Transporte, Mario Meoni y el del Interior, Eduardo \u201cWado\u201d de Pedro.<br>All\u00ed tambi\u00e9n se anunciaron mejoramientos y refacciones en las estaciones de Grand Bourg, Tierras Altas y Tortuguitas, que actualmente funcionan con andenes provisorios porque las obras quedaron inconclusas en 2018. Adem\u00e1s, en esas estaciones y en Ing. Pablo Nogu\u00e9s e Ing. Adolfo Sourdeaux se realizar\u00e1n trabajos de revitalizaci\u00f3n de los entornos y que incluyen veredas, iluminaci\u00f3n, parquizaci\u00f3n y totems de seguridad.<br>Del encuentro tambi\u00e9n participaron el intendente anfitri\u00f3n Juan Andreotti (San Fernando), la presidenta de AySA, Malena Galmarin, autoridades de la Administraci\u00f3n de Infraestructuras Ferroviarias (ADIF) y responsables ejecutivos del Municipio de Escobar.<br>Al finalizar el acto, el intendente Nardini coment\u00f3: \u00abEn Malvinas Argentinas estamos conectados por siete estaciones a trav\u00e9s del Belgrano Norte. En enero de 2018, durante la gesti\u00f3n anterior de Naci\u00f3n, nos hab\u00edan prometido obras en las estaciones. Lamentablemente nunca cumplieron, pero lleg\u00f3 un Gobierno Nacional inclusivo que piensa en el bienestar de la mayor\u00eda\u00bb. Adem\u00e1s agreg\u00f3 que \u00aba pesar de la pandemia y las dificultades podremos reactivar el medio de locomoci\u00f3n de nuestro partido para que los vecinos y vecinas se puedan interconectar entre localidades y tambi\u00e9n puedan ir a trabajar,que es lo m\u00e1s importante de todo\u00bb.<br>Este proyecto apunta a mejorar la fluidez de la circulaci\u00f3n vehicular, generar conectividad en una zona muy transitada y mejorar\u00e1 la calidad y seguridad del servicio para los pasajeros como as\u00ed tambi\u00e9n disminuir\u00e1 el tiempo de espera en el paso a nivel de Los Polvorines.\n\n<\/p>\n","protected":false},"excerpt":{"rendered":"<p>El intendente de Malvinas Argentinas Leonardo Nardini firm\u00f3, en un acto celebrado en cercan\u00edas a..<\/p>\n","protected":false},"author":2,"featured_media":7229,"comment_status":"open","ping_status":"open","sticky":false,"template":"","format":"standard","meta":{"footnotes":""},"categories":[9,3,31,1],"tags":[1064,1066,65,52,1065],"class_list":["post-7228","post","type-post","status-publish","format-standard","has-post-thumbnail","hentry","category-malvinas-argentinas","category-municipios","category-nacionales","category-sin-categoria","tag-convenio-con-nacion","tag-ferrocarril-belgrano-norte","tag-los-polvorines","tag-nardini","tag-paso-bajo-nivel"],"_links":{"self":[{"href":"https:\/\/noticiasrec.com\/index.php?rest_route=\/wp\/v2\/posts\/7228","targetHints":{"allow":["GET"]}}],"collection":[{"href":"https:\/\/noticiasrec.com\/index.php?rest_route=\/wp\/v2\/posts"}],"about":[{"href":"https:\/\/noticiasrec.com\/index.php?rest_route=\/wp\/v2\/types\/post"}],"author":[{"embeddable":true,"href":"https:\/\/noticiasrec.com\/index.php?rest_route=\/wp\/v2\/users\/2"}],"replies":[{"embeddable":true,"href":"https:\/\/noticiasrec.com\/index.php?rest_route=%2Fwp%2Fv2%2Fcomments&post=7228"}],"version-history":[{"count":1,"href":"https:\/\/noticiasrec.com\/index.php?rest_route=\/wp\/v2\/posts\/7228\/revisions"}],"predecessor-version":[{"id":7230,"href":"https:\/\/noticiasrec.com\/index.php?rest_route=\/wp\/v2\/posts\/7228\/revisions\/7230"}],"wp:featuredmedia":[{"embeddable":true,"href":"https:\/\/noticiasrec.com\/index.php?rest_route=\/wp\/v2\/media\/7229"}],"wp:attachment":[{"href":"https:\/\/noticiasrec.com\/index.php?rest_route=%2Fwp%2Fv2%2Fmedia&parent=7228"}],"wp:term":[{"taxonomy":"category","embeddable":true,"href":"https:\/\/noticiasrec.com\/index.php?rest_route=%2Fwp%2Fv2%2Fcategories&post=7228"},{"taxonomy":"post_tag","embeddable":true,"href":"https:\/\/noticiasrec.com\/index.php?rest_route=%2Fwp%2Fv2%2Ftags&post=7228"}],"curies":[{"name":"wp","href":"https:\/\/api.w.org\/{rel}","templated":true}]}}