{"id":7225,"date":"2020-08-25T19:26:37","date_gmt":"2020-08-25T19:26:37","guid":{"rendered":"http:\/\/noticiasrec.com\/?p=7225"},"modified":"2020-08-25T19:26:37","modified_gmt":"2020-08-25T19:26:37","slug":"kreplak-la-velocidad-del-crecimiento-de-casos-se-redujo-en-los-ultimos-10-dias","status":"publish","type":"post","link":"https:\/\/noticiasrec.com\/?p=7225","title":{"rendered":"Kreplak: \u00abLa velocidad del crecimiento de casos se redujo en los \u00faltimos 10 d\u00edas\u00bb"},"content":{"rendered":"\n<p>\n\nEl viceministro de Salud bonaerense, Nicol\u00e1s Kreplak, afirm\u00f3 hoy que \u00abla velocidad del crecimiento de casos de coronavirus se redujo notablemente en los \u00faltimos 10 d\u00edas\u00bb en el \u00e1rea metropolitana de Buenos Aires (AMBA).<\/p>\n\n\n\n<p>En declaraciones a radio Metro, el funcionario provincial dijo que se estaba en un \u00abcrecimiento continuo desde el pico en la Villa 31, cuando hubo brote comunitario\u00bb, y destac\u00f3 que \u00abahora vemos que la velocidad de crecimiento de los casos se redujo notablemente en los \u00faltimos 10 d\u00edas\u00bb.<\/p>\n\n\n\n<p>Sostuvo que \u00abtambi\u00e9n bajaron los ingresos y egresos a camas de terapia intensiva\u00bb, por lo que analiz\u00f3 que \u00abhay varios indicadores consistentes con que en el AMBA no est\u00e1n aumentando los casos\u00bb. <\/p>\n\n\n\n<p>\n\n\u00abLo que todos sabemos de esta epidemia es que mientras m\u00e1s circulaci\u00f3n hay, aumentan los contactos entre personas y eso genera m\u00e1s contagios. En las condiciones en que estamos en este momento, estamos as\u00ed\u00bb, continu\u00f3 y pidi\u00f3 \u00abser prudentes\u00bb.<\/p>\n\n\n\n<p>Consultado sobre la posibilidad de flexibilizar la cuarentena desde el 30 de agosto a partir de esos datos, Kreplak pidi\u00f3 \u00abbajar los casos primero antes de poder aumentar el riesgo de contagios que implica m\u00e1s actividad, porque no logramos bajar los casos, sino que frenamos la velocidad de crecimiento\u00bb.<\/p>\n\n\n\n<p>\u00abSi soltamos actividades ahora, r\u00e1pidamente van a crecer los contagios\u00bb, evalu\u00f3.<\/p>\n\n\n\n<p>Por otro lado, Kreplak dijo que en el gran Buenos Aires la ocupaci\u00f3n de camas asciende a un 63% y cont\u00f3 que ayer sumaron 19 nuevas camas al sistema.<\/p>\n\n\n\n<p>Destac\u00f3 tambi\u00e9n que unas 1800 personas ya recibieron plasma de pacientes recuperados y que ese tratamiento permite, de acuerdo a distintos estudios, \u00abuna reducci\u00f3n de la mortalidad de un 35%\u00bb.\n\n<\/p>\n","protected":false},"excerpt":{"rendered":"<p>El viceministro de Salud bonaerense, Nicol\u00e1s Kreplak, afirm\u00f3 hoy que \u00abla velocidad del crecimiento de..<\/p>\n","protected":false},"author":2,"featured_media":7226,"comment_status":"open","ping_status":"open","sticky":false,"template":"","format":"standard","meta":{"footnotes":""},"categories":[2,19],"tags":[787,707,1060,1059,1062,1063,1061],"class_list":["post-7225","post","type-post","status-publish","format-standard","has-post-thumbnail","hentry","category-provincia","category-salud","tag-amba","tag-coronavirus","tag-crecimiento-de-casos","tag-kreplak","tag-se-redujo","tag-ultimos-10-dias","tag-velocidad"],"_links":{"self":[{"href":"https:\/\/noticiasrec.com\/index.php?rest_route=\/wp\/v2\/posts\/7225","targetHints":{"allow":["GET"]}}],"collection":[{"href":"https:\/\/noticiasrec.com\/index.php?rest_route=\/wp\/v2\/posts"}],"about":[{"href":"https:\/\/noticiasrec.com\/index.php?rest_route=\/wp\/v2\/types\/post"}],"author":[{"embeddable":true,"href":"https:\/\/noticiasrec.com\/index.php?rest_route=\/wp\/v2\/users\/2"}],"replies":[{"embeddable":true,"href":"https:\/\/noticiasrec.com\/index.php?rest_route=%2Fwp%2Fv2%2Fcomments&post=7225"}],"version-history":[{"count":1,"href":"https:\/\/noticiasrec.com\/index.php?rest_route=\/wp\/v2\/posts\/7225\/revisions"}],"predecessor-version":[{"id":7227,"href":"https:\/\/noticiasrec.com\/index.php?rest_route=\/wp\/v2\/posts\/7225\/revisions\/7227"}],"wp:featuredmedia":[{"embeddable":true,"href":"https:\/\/noticiasrec.com\/index.php?rest_route=\/wp\/v2\/media\/7226"}],"wp:attachment":[{"href":"https:\/\/noticiasrec.com\/index.php?rest_route=%2Fwp%2Fv2%2Fmedia&parent=7225"}],"wp:term":[{"taxonomy":"category","embeddable":true,"href":"https:\/\/noticiasrec.com\/index.php?rest_route=%2Fwp%2Fv2%2Fcategories&post=7225"},{"taxonomy":"post_tag","embeddable":true,"href":"https:\/\/noticiasrec.com\/index.php?rest_route=%2Fwp%2Fv2%2Ftags&post=7225"}],"curies":[{"name":"wp","href":"https:\/\/api.w.org\/{rel}","templated":true}]}}