{"id":7222,"date":"2020-08-25T19:17:56","date_gmt":"2020-08-25T19:17:56","guid":{"rendered":"http:\/\/noticiasrec.com\/?p=7222"},"modified":"2020-08-25T19:17:56","modified_gmt":"2020-08-25T19:17:56","slug":"el-presidente-inauguro-la-estacion-villa-rosa-y-anuncio-la-extension-hasta-el-parque-industrial-de-pilar","status":"publish","type":"post","link":"https:\/\/noticiasrec.com\/?p=7222","title":{"rendered":"El presidente inaugur\u00f3 la estaci\u00f3n Villa Rosa y anunci\u00f3 la extension hasta el parque industrial de Pilar"},"content":{"rendered":"\n<p>\n\nEn un acto que cont\u00f3 con la presencia del Presidente de la Naci\u00f3n, Alberto Fern\u00e1ndez, este lunes se anunci\u00f3 la extensi\u00f3n del Tren Belgrano Norte hasta el Parque Industrial de Pilar.<\/p>\n\n\n\n<p>Se trata de un plan que forma parte de un paquete de obras ferroviarias que se desarrollar\u00e1n en el distrito con una inversi\u00f3n de 997 millones de pesos. <\/p>\n\n\n\n<p>Este lunes, el anuncio se concret\u00f3 desde la ya habilitada estaci\u00f3n Villa Rosa. All\u00ed el Ministro de Transporte, Mario Meoni se\u00f1al\u00f3 que el plan contempla \u00abla renovaci\u00f3n integral de v\u00edas\u00bb lo que luego permitir\u00e1 que las formaciones puedan llegar hasta el predio fabril.<br><br>\u00abA este ramal lo estamos prolongando hacia el Parque Industrial de Pilar, porque tambi\u00e9n los trenes nos deben posibilitar darles opciones de mejor calidad de negocios a las empresas, facilitando la log\u00edstica\u00bb, expres\u00f3 Meoni desde el remodelado and\u00e9n.<br><br>\u00abVamos a trabajar fuertemente para que conectemos la Argentina y para que cada pasajero pueda viajar con seguridad y en menor tiempo\u00bb, expres\u00f3 Meoni.<br><br>En el marco de las obras, se realizar\u00e1 la renovaci\u00f3n integral de v\u00edas entre los kil\u00f3metros 52 y 61 y adem\u00e1s se construir\u00e1 la nueva estaci\u00f3n Almirante Irizar que estar\u00e1 emplazada dentro del Parque Industrial.<br><br>Se trata de un proyecto que responde a un pedido hist\u00f3rico en el partido de Pilar que adem\u00e1s de mejoras en la log\u00edstica, redundar\u00e1 en un beneficio para los miles de trabajadores que deben llegar a sus puestos laborales por medio de la utilizaci\u00f3n del transporte p\u00fablico.<br><br>Durante el anuncio, el gobernador Axel Kicillof dijo sentirse \u00abespecialmente agradecido\u00bb.<\/p>\n\n\n\n<p><br>\u00abHay que tomar dimensi\u00f3n de estas cosas porque es lo que necesita la provincia y la Argentina. Cuando en campa\u00f1a habl\u00e1bamos de poner en marcha al pa\u00eds y a la provincia pens\u00e1bamos que tambi\u00e9n hac\u00eda falta un plan de inversi\u00f3n ferroviaria que mejorara la productividad, la conectividad, la vida, el empleo y el salario de los y las bonaerenses y hoy a ese plan lo vemos en camino\u00bb, subray\u00f3 el mandatario bonaerense.<\/p>\n\n\n\n<figure><iframe width=\"100%\" src=\"https:\/\/apis.google.com\/u\/0\/se\/0\/_\/+1\/fastbutton?usegapi=1&amp;annotation=none&amp;width=40&amp;hl=en&amp;origin=https%3A%2F%2Fwww.pilardetodos.com.ar&amp;url=https%3A%2F%2Fwww.pilardetodos.com.ar%2Fsecciones%2Fnoticias%2Fsociedad%2Fextenderan-el-tren-belgrano-norte-hasta-el-parque-industrial-de-pilar&amp;gsrc=3p&amp;ic=1&amp;jsh=m%3B%2F_%2Fscs%2Fapps-static%2F_%2Fjs%2Fk%3Doz.gapi.es_419.BkOSIAsplkM.O%2Fam%3DwQE%2Fd%3D1%2Fct%3Dzgms%2Frs%3DAGLTcCNSRM_MSD_tutr01psuSLVmeZIR_A%2Fm%3D__features__#_methods=onPlusOne%2C_ready%2C_close%2C_open%2C_resizeMe%2C_renderstart%2Concircled%2Cdrefresh%2Cerefresh&amp;id=I0_1598382618787&amp;_gfid=I0_1598382618787&amp;parent=https%3A%2F%2Fwww.pilardetodos.com.ar&amp;pfname=&amp;rpctoken=11147007\"><\/iframe><\/figure>\n","protected":false},"excerpt":{"rendered":"<p>En un acto que cont\u00f3 con la presencia del Presidente de la Naci\u00f3n, Alberto Fern\u00e1ndez,..<\/p>\n","protected":false},"author":2,"featured_media":7223,"comment_status":"open","ping_status":"open","sticky":false,"template":"","format":"standard","meta":{"footnotes":""},"categories":[11,4,5],"tags":[1001,1058,1056,26,1055,1057],"class_list":["post-7222","post","type-post","status-publish","format-standard","has-post-thumbnail","hentry","category-pilar","category-politica","category-sociedad","tag-estacion-villa-rosa","tag-obras-ferroviarias","tag-parque-industrial-de-pilar","tag-pilar","tag-presidente","tag-tren-belgrano-norte"],"_links":{"self":[{"href":"https:\/\/noticiasrec.com\/index.php?rest_route=\/wp\/v2\/posts\/7222","targetHints":{"allow":["GET"]}}],"collection":[{"href":"https:\/\/noticiasrec.com\/index.php?rest_route=\/wp\/v2\/posts"}],"about":[{"href":"https:\/\/noticiasrec.com\/index.php?rest_route=\/wp\/v2\/types\/post"}],"author":[{"embeddable":true,"href":"https:\/\/noticiasrec.com\/index.php?rest_route=\/wp\/v2\/users\/2"}],"replies":[{"embeddable":true,"href":"https:\/\/noticiasrec.com\/index.php?rest_route=%2Fwp%2Fv2%2Fcomments&post=7222"}],"version-history":[{"count":1,"href":"https:\/\/noticiasrec.com\/index.php?rest_route=\/wp\/v2\/posts\/7222\/revisions"}],"predecessor-version":[{"id":7224,"href":"https:\/\/noticiasrec.com\/index.php?rest_route=\/wp\/v2\/posts\/7222\/revisions\/7224"}],"wp:featuredmedia":[{"embeddable":true,"href":"https:\/\/noticiasrec.com\/index.php?rest_route=\/wp\/v2\/media\/7223"}],"wp:attachment":[{"href":"https:\/\/noticiasrec.com\/index.php?rest_route=%2Fwp%2Fv2%2Fmedia&parent=7222"}],"wp:term":[{"taxonomy":"category","embeddable":true,"href":"https:\/\/noticiasrec.com\/index.php?rest_route=%2Fwp%2Fv2%2Fcategories&post=7222"},{"taxonomy":"post_tag","embeddable":true,"href":"https:\/\/noticiasrec.com\/index.php?rest_route=%2Fwp%2Fv2%2Ftags&post=7222"}],"curies":[{"name":"wp","href":"https:\/\/api.w.org\/{rel}","templated":true}]}}