{"id":7202,"date":"2020-08-11T14:28:39","date_gmt":"2020-08-11T14:28:39","guid":{"rendered":"http:\/\/noticiasrec.com\/?p=7202"},"modified":"2020-08-11T14:28:39","modified_gmt":"2020-08-11T14:28:39","slug":"jose-c-paz-avanza-a-buen-ritmo-la-obra-de-la-nueva-facultad-de-medicina","status":"publish","type":"post","link":"https:\/\/noticiasrec.com\/?p=7202","title":{"rendered":"Jos\u00e9 C. Paz: Avanza a buen ritmo la obra de la nueva facultad de medicina"},"content":{"rendered":"\n<p>El intendente Mario Alberto Ishii se hizo presente en el predio donde se erije la nueva facultad de medicina en el distrito de Jos\u00e9 C. Paz.<br>En esta oportunidad dialog\u00f3 con los trabajadores y vecinos del lugar, quienes manifestaron el benepl\u00e1cito de contar con esta casa de altos estudios para los jovenes pace\u00f1os y de otros distritos, que tendran la oportunidad de graduarse en medicina.<br><\/p>\n\n\n\n<p>La Facultad de Medicina de Jos\u00e9 C Paz, se est\u00e1 edificando sobre el predio ubicado sobre la calle H\u00e9ctor Arregui (ex Florida), a<br>metros del Hospital Oncol\u00f3gico municipal.<\/p>\n\n\n\n<p>Al respecto Ishii dec\u00eda: \u201cEs realmente un orgullo ver como avanza esta obra maravillosa que realizamos con mucho esfuerzo. Todos saben que la<br>mayor\u00eda de las obras que llevamos adelante se hacen con fondos propios, es decir municipales. En la actualidad econ\u00f3mica que<br>vive el pa\u00eds es un logro a\u00fan mayor. Esta Facultad de Medicina permitir\u00e1 a miles de personas poder iniciar su carrera de manera<br>gratuita y sin tener que viajar hasta Capital Federal. Como lo hacen hoy vecinos del distrito y de otros municipios con la<br>UNPAZ\u201d, afirm\u00f3 el intendente Mario Ishii<\/p>\n\n\n\n<p> Se encuentra implantada sobre un predio de 12.000 m2., con una plaza de acceso y estacionamiento para<br>aproximadamente 400 veh\u00edculos, con sector verde y arbolado de esparcimiento.<br>Tendr\u00e1 una planta baja que albergar\u00e1 94 aulas de aprendizaje, de gran tama\u00f1o, conectada por un sistema de pasillo de ocho<br>metros de ancho, sector de morgue con conexi\u00f3n al exterior, n\u00facleos sanitarios femeninos y masculinos, dos ascensores con<br>capacidad para 12 personas. Contendr\u00e1 5 Laboratorios de gran tama\u00f1o con aulas de apoyo, 2 Auditorios con capacidad para<br>400 personas cada uno, sector de Posgrado e Investigaci\u00f3n, coordinaci\u00f3n m\u00e9dica, oficinas, aulas varias, Porter\u00eda, sala de<br>maestros, oficina de alumnos, contabilidad, departamento de Psicolog\u00eda, Biblioteca y Hemeroteca, sector de bar de 475 m2.,<br>oficina de autoridades, decano, oficinas administrativas, n\u00facleos sanitarios de 400 metros cuadrados aproximadamente.<br>Estas son algunas de las caracter\u00edsticas constructivas que tendr\u00e1 la flamante construcci\u00f3n edilicia, en su continua premisa de<br>revolucionar la salud de Jos\u00e9 C. Paz.<\/p>\n","protected":false},"excerpt":{"rendered":"<p>El intendente Mario Alberto Ishii se hizo presente en el predio donde se erije la..<\/p>\n","protected":false},"author":2,"featured_media":7203,"comment_status":"open","ping_status":"open","sticky":false,"template":"","format":"standard","meta":{"footnotes":""},"categories":[25,10,3],"tags":[662,60,1040,1039],"class_list":["post-7202","post","type-post","status-publish","format-standard","has-post-thumbnail","hentry","category-educacion","category-jose-c-paz","category-municipios","tag-facultad-de-medicina","tag-jose-c-paz","tag-mario-alberto-ishii","tag-obra"],"_links":{"self":[{"href":"https:\/\/noticiasrec.com\/index.php?rest_route=\/wp\/v2\/posts\/7202","targetHints":{"allow":["GET"]}}],"collection":[{"href":"https:\/\/noticiasrec.com\/index.php?rest_route=\/wp\/v2\/posts"}],"about":[{"href":"https:\/\/noticiasrec.com\/index.php?rest_route=\/wp\/v2\/types\/post"}],"author":[{"embeddable":true,"href":"https:\/\/noticiasrec.com\/index.php?rest_route=\/wp\/v2\/users\/2"}],"replies":[{"embeddable":true,"href":"https:\/\/noticiasrec.com\/index.php?rest_route=%2Fwp%2Fv2%2Fcomments&post=7202"}],"version-history":[{"count":1,"href":"https:\/\/noticiasrec.com\/index.php?rest_route=\/wp\/v2\/posts\/7202\/revisions"}],"predecessor-version":[{"id":7204,"href":"https:\/\/noticiasrec.com\/index.php?rest_route=\/wp\/v2\/posts\/7202\/revisions\/7204"}],"wp:featuredmedia":[{"embeddable":true,"href":"https:\/\/noticiasrec.com\/index.php?rest_route=\/wp\/v2\/media\/7203"}],"wp:attachment":[{"href":"https:\/\/noticiasrec.com\/index.php?rest_route=%2Fwp%2Fv2%2Fmedia&parent=7202"}],"wp:term":[{"taxonomy":"category","embeddable":true,"href":"https:\/\/noticiasrec.com\/index.php?rest_route=%2Fwp%2Fv2%2Fcategories&post=7202"},{"taxonomy":"post_tag","embeddable":true,"href":"https:\/\/noticiasrec.com\/index.php?rest_route=%2Fwp%2Fv2%2Ftags&post=7202"}],"curies":[{"name":"wp","href":"https:\/\/api.w.org\/{rel}","templated":true}]}}