{"id":7199,"date":"2020-08-11T13:55:18","date_gmt":"2020-08-11T13:55:18","guid":{"rendered":"http:\/\/noticiasrec.com\/?p=7199"},"modified":"2020-08-11T13:55:18","modified_gmt":"2020-08-11T13:55:18","slug":"comenzo-la-segunda-edicion-del-diplomado-en-primera-infancia-y-familia","status":"publish","type":"post","link":"https:\/\/noticiasrec.com\/?p=7199","title":{"rendered":"Comenz\u00f3 la segunda edici\u00f3n del Diplomado en Primera Infancia y Familia"},"content":{"rendered":"\n<p>\n\nDesde hace varios a\u00f1os, la Municipalidad de San Miguel lleva adelante distintos programas y pol\u00edticas p\u00fablicas dirigidas especialmente a la primera infancia y maternidad, con el fin de lograr igualdad de oportunidades en cada familia del distrito.<\/p>\n\n\n\n<p>Se trata de pol\u00edticas pensadas y desarrolladas por un equipo de profesionales con experiencia en el tema, que han impulsado en San Miguel dos Congresos Internacionales de Primera Infancia. Este a\u00f1o, si bien limitados por las condiciones que impone la pandemia, se sigue promoviendo su ense\u00f1anza e intercambio.<\/p>\n\n\n\n<p>En ese marco, el viernes comenz\u00f3 la segunda edici\u00f3n del Diplomado en Primera Infancia y Familia, un espacio de formaci\u00f3n acad\u00e9mica dictado en conjunto por el municipio y la Universidad Cat\u00f3lica Argentina (UCA), a cargo de Pablo de la Torre.<\/p>\n\n\n\n<p>El objetivo es fortalecer las herramientas de trabajo y capacidades institucionales desde un enfoque te\u00f3rico-pr\u00e1ctico, brindando instrumentos de gesti\u00f3n sobre pol\u00edticas p\u00fablicas en primera infancia y familia, con el fin de promover la equidad en el acceso a las oportunidades en pos de la reducci\u00f3n de la pobreza.<\/p>\n\n\n\n<p>Algunas de esas pol\u00edticas que se implementan en San Miguel son los Centros de Desarrollo Infanto Familiar (CDIF), espacios de contenci\u00f3n, estimulaci\u00f3n y sociabilizaci\u00f3n para ni\u00f1os de 45 d\u00edas a 3 a\u00f1os; el programa \u201c1000 D\u00edas\u201d, que asiste a familias en situaci\u00f3n de vulnerabilidad con visitas domiciliarias realizadas por acompa\u00f1antes familiares; los operativos \u00abCamino de la embarazada\u201d, donde se realizan controles de salud a mujeres que no se estaban atendiendo previamente, y el programa \u201cProyecto de Vida\u201d, entre otros.\n\n<\/p>\n","protected":false},"excerpt":{"rendered":"<p>Desde hace varios a\u00f1os, la Municipalidad de San Miguel lleva adelante distintos programas y pol\u00edticas..<\/p>\n","protected":false},"author":2,"featured_media":7200,"comment_status":"open","ping_status":"open","sticky":false,"template":"","format":"standard","meta":{"footnotes":""},"categories":[3,19,8],"tags":[1036,1038,1037,57,1035],"class_list":["post-7199","post","type-post","status-publish","format-standard","has-post-thumbnail","hentry","category-municipios","category-salud","category-san-miguel","tag-diplomado","tag-maternidad","tag-primera-infancia-y-familia","tag-san-miguel","tag-segunda-edicion"],"_links":{"self":[{"href":"https:\/\/noticiasrec.com\/index.php?rest_route=\/wp\/v2\/posts\/7199","targetHints":{"allow":["GET"]}}],"collection":[{"href":"https:\/\/noticiasrec.com\/index.php?rest_route=\/wp\/v2\/posts"}],"about":[{"href":"https:\/\/noticiasrec.com\/index.php?rest_route=\/wp\/v2\/types\/post"}],"author":[{"embeddable":true,"href":"https:\/\/noticiasrec.com\/index.php?rest_route=\/wp\/v2\/users\/2"}],"replies":[{"embeddable":true,"href":"https:\/\/noticiasrec.com\/index.php?rest_route=%2Fwp%2Fv2%2Fcomments&post=7199"}],"version-history":[{"count":1,"href":"https:\/\/noticiasrec.com\/index.php?rest_route=\/wp\/v2\/posts\/7199\/revisions"}],"predecessor-version":[{"id":7201,"href":"https:\/\/noticiasrec.com\/index.php?rest_route=\/wp\/v2\/posts\/7199\/revisions\/7201"}],"wp:featuredmedia":[{"embeddable":true,"href":"https:\/\/noticiasrec.com\/index.php?rest_route=\/wp\/v2\/media\/7200"}],"wp:attachment":[{"href":"https:\/\/noticiasrec.com\/index.php?rest_route=%2Fwp%2Fv2%2Fmedia&parent=7199"}],"wp:term":[{"taxonomy":"category","embeddable":true,"href":"https:\/\/noticiasrec.com\/index.php?rest_route=%2Fwp%2Fv2%2Fcategories&post=7199"},{"taxonomy":"post_tag","embeddable":true,"href":"https:\/\/noticiasrec.com\/index.php?rest_route=%2Fwp%2Fv2%2Ftags&post=7199"}],"curies":[{"name":"wp","href":"https:\/\/api.w.org\/{rel}","templated":true}]}}