{"id":7184,"date":"2020-08-10T16:13:33","date_gmt":"2020-08-10T16:13:33","guid":{"rendered":"http:\/\/noticiasrec.com\/?p=7184"},"modified":"2020-08-10T16:13:33","modified_gmt":"2020-08-10T16:13:33","slug":"fernandez-y-kicillof-anunciaron-la-finalizacion-de-364-plazas-para-complejos-penitenciarios-bonaerenses","status":"publish","type":"post","link":"https:\/\/noticiasrec.com\/?p=7184","title":{"rendered":"Fern\u00e1ndez y Kicillof anunciaron la finalizaci\u00f3n de 364 plazas para complejos penitenciarios bonaerenses"},"content":{"rendered":"\n<p>El Presidente de la Naci\u00f3n, Alberto Fern\u00e1ndez, y el gobernador bonaerense, Axel Kicillof, anunciaron la<strong>&nbsp;finalizaci\u00f3n de 364 nuevas plazas para los complejos penitenciarios de Florencio Varela, Magdalena y San Mart\u00edn.<\/strong><\/p>\n\n\n\n<p><strong>\u00abLo que necesitamos es que quien est\u00e9 soportando el encierro tenga la capacidad de prepararse para cuando este en libertad<\/strong>&nbsp;y para eso necesitamos que el encierro no se convierta en un hacinamiento que lo vuelve m\u00e1s violento y que tambi\u00e9n se capacite para un futuro\u00bb, expres\u00f3&nbsp;<strong>Fern\u00e1ndez<\/strong>&nbsp;desde la residencia de Olivos.<\/p>\n\n\n\n<p>El jefe de estado explic\u00f3 que&nbsp;<strong>\u00absi les damos m\u00e1s camas, les damos lugares para estudiar, les estaremos dando mejores condiciones para el futuro.<\/strong>&nbsp;Necesitamos que el castigo no se convierta en algo impiadoso e indecente como puede ser dejar en el olvido a quien infringi\u00f3 la ley porque tenemos \u00e9tica\u00bb.<\/p>\n\n\n\n<p><strong>\u201cNo estoy contento de crear c\u00e1rceles pero estoy conforme porque estamos generando espacios aptos<\/strong>&nbsp;para que quienes est\u00e1n en la condena tengan alguna posibilidad de mejorar\u00bb, afirm\u00f3.<\/p>\n\n\n\n<p><strong>\u00abSi el gobierno convierte a las c\u00e1rceles en lugares de olvido y hacinamiento, no piensa ni \u00e9ticamente ni humanamente y ni siquiera piensa en el futuro<\/strong>\u00ab, insisti\u00f3 con el cocepto entre condiciones&nbsp;carcelario, reinserci\u00f3n y responsabilidad de Estado.<\/p>\n","protected":false},"excerpt":{"rendered":"<p>El Presidente de la Naci\u00f3n, Alberto Fern\u00e1ndez, y el gobernador bonaerense, Axel Kicillof, anunciaron la&nbsp;finalizaci\u00f3n..<\/p>\n","protected":false},"author":2,"featured_media":7185,"comment_status":"open","ping_status":"open","sticky":false,"template":"","format":"standard","meta":{"footnotes":""},"categories":[3,2],"tags":[1012,1014,1013,1011,1016,399,1017,1015,1018],"class_list":["post-7184","post","type-post","status-publish","format-standard","has-post-thumbnail","hentry","category-municipios","category-provincia","tag-364-plazas","tag-bonaerenses","tag-complejos-penitenciarios","tag-fernandez","tag-florencio-varela","tag-kicillof","tag-magdalena","tag-presidente-de-la-nacion","tag-san-martin"],"_links":{"self":[{"href":"https:\/\/noticiasrec.com\/index.php?rest_route=\/wp\/v2\/posts\/7184","targetHints":{"allow":["GET"]}}],"collection":[{"href":"https:\/\/noticiasrec.com\/index.php?rest_route=\/wp\/v2\/posts"}],"about":[{"href":"https:\/\/noticiasrec.com\/index.php?rest_route=\/wp\/v2\/types\/post"}],"author":[{"embeddable":true,"href":"https:\/\/noticiasrec.com\/index.php?rest_route=\/wp\/v2\/users\/2"}],"replies":[{"embeddable":true,"href":"https:\/\/noticiasrec.com\/index.php?rest_route=%2Fwp%2Fv2%2Fcomments&post=7184"}],"version-history":[{"count":1,"href":"https:\/\/noticiasrec.com\/index.php?rest_route=\/wp\/v2\/posts\/7184\/revisions"}],"predecessor-version":[{"id":7186,"href":"https:\/\/noticiasrec.com\/index.php?rest_route=\/wp\/v2\/posts\/7184\/revisions\/7186"}],"wp:featuredmedia":[{"embeddable":true,"href":"https:\/\/noticiasrec.com\/index.php?rest_route=\/wp\/v2\/media\/7185"}],"wp:attachment":[{"href":"https:\/\/noticiasrec.com\/index.php?rest_route=%2Fwp%2Fv2%2Fmedia&parent=7184"}],"wp:term":[{"taxonomy":"category","embeddable":true,"href":"https:\/\/noticiasrec.com\/index.php?rest_route=%2Fwp%2Fv2%2Fcategories&post=7184"},{"taxonomy":"post_tag","embeddable":true,"href":"https:\/\/noticiasrec.com\/index.php?rest_route=%2Fwp%2Fv2%2Ftags&post=7184"}],"curies":[{"name":"wp","href":"https:\/\/api.w.org\/{rel}","templated":true}]}}