{"id":7178,"date":"2020-08-07T13:01:19","date_gmt":"2020-08-07T13:01:19","guid":{"rendered":"http:\/\/noticiasrec.com\/?p=7178"},"modified":"2020-08-07T13:01:19","modified_gmt":"2020-08-07T13:01:19","slug":"habilitaran-la-nueva-estacion-villa-rosa-del-tren-belgrano-norte","status":"publish","type":"post","link":"https:\/\/noticiasrec.com\/?p=7178","title":{"rendered":"Habilitar\u00e1n la nueva estaci\u00f3n Villa Rosa del tren Belgrano Norte"},"content":{"rendered":"\n<p>Quedar\u00e1 habilitada en los pr\u00f3ximos d\u00edas la nueva estaci\u00f3n de trenes del Ferrocarril Belgrano Norte de Villa Rosa.<\/p>\n\n\n\n<p>La firma Ferrov\u00edas confirm\u00f3 a\u00a0<strong>Pilar de Todos<\/strong>\u00a0que las labores ya est\u00e1n terminadas, de hecho se anunciaba que la apertura iba a concretarse el mediod\u00eda de este viernes 7 de agosto, pero finalmente se pospuso sin fecha puntual a\u00fan.<\/p>\n\n\n\n<p>Las labores comenzaron en marzo de 2018, e inclu\u00edan mejoras en las 23 estaciones de la l\u00ednea, pero se vieron demoradas.<\/p>\n\n\n\n<p>Primero se detect\u00f3 que los andenes provisorios que hab\u00edan construido las distintas empresas a cargo de las obras presentaban un enorme riesgo para los pasajeros.<\/p>\n\n\n\n<p>Tanto que desde el 28 de mayo de ese a\u00f1o y durante m\u00e1s de un mes se cancelaron todos los servicios f\u00e9rreos en esa traza, que luego fueron reabiertos paulatinamente se iban reacondicionando los andenes temporales.<\/p>\n\n\n\n<p>Las cancelaciones de los servicios generaron un fuerte rechazo vecinal que mantuvo a las localidades de Villa Rosa, Del Viso y Manuel Alberti en estado de alerta durante todo el tiempo en que no hubo formaciones.<\/p>\n\n\n\n<p>Las labores previstas comprend\u00edan la construcci\u00f3n de nuevos andenes elevados con refugios, rampas de acceso, baldosas gu\u00eda, sistema de audio y c\u00e1maras de seguridad, sistema de informaci\u00f3n al pasajero, nuevas boleter\u00edas con molinetes SUBE, iluminaci\u00f3n LED y ba\u00f1os p\u00fablicos.<\/p>\n\n\n\n<p>Con una inversi\u00f3n original de 2.300 millones de pesos, las 23 estaciones deber\u00edan haber estado listas para el tercer trimestre de 2018, aunque luego ese lapso se extendi\u00f3 al segundo trimestre de 2019. No se lleg\u00f3.<\/p>\n\n\n\n<p>Es que en el medio, adem\u00e1s, se detectaron incumplimientos por parte de varias firmas contratistas, por lo que, en el caso de Del Viso, las labores fueron re adjudicadas en noviembre de 2019<\/p>\n","protected":false},"excerpt":{"rendered":"<p>Quedar\u00e1 habilitada en los pr\u00f3ximos d\u00edas la nueva estaci\u00f3n de trenes del Ferrocarril Belgrano Norte..<\/p>\n","protected":false},"author":2,"featured_media":7179,"comment_status":"open","ping_status":"open","sticky":false,"template":"","format":"standard","meta":{"footnotes":""},"categories":[3,11,2,5],"tags":[111,1001,1002,660,1003],"class_list":["post-7178","post","type-post","status-publish","format-standard","has-post-thumbnail","hentry","category-municipios","category-pilar","category-provincia","category-sociedad","tag-belgrano-norte","tag-estacion-villa-rosa","tag-habilitaran","tag-nueva","tag-proximos-dias"],"_links":{"self":[{"href":"https:\/\/noticiasrec.com\/index.php?rest_route=\/wp\/v2\/posts\/7178","targetHints":{"allow":["GET"]}}],"collection":[{"href":"https:\/\/noticiasrec.com\/index.php?rest_route=\/wp\/v2\/posts"}],"about":[{"href":"https:\/\/noticiasrec.com\/index.php?rest_route=\/wp\/v2\/types\/post"}],"author":[{"embeddable":true,"href":"https:\/\/noticiasrec.com\/index.php?rest_route=\/wp\/v2\/users\/2"}],"replies":[{"embeddable":true,"href":"https:\/\/noticiasrec.com\/index.php?rest_route=%2Fwp%2Fv2%2Fcomments&post=7178"}],"version-history":[{"count":1,"href":"https:\/\/noticiasrec.com\/index.php?rest_route=\/wp\/v2\/posts\/7178\/revisions"}],"predecessor-version":[{"id":7180,"href":"https:\/\/noticiasrec.com\/index.php?rest_route=\/wp\/v2\/posts\/7178\/revisions\/7180"}],"wp:featuredmedia":[{"embeddable":true,"href":"https:\/\/noticiasrec.com\/index.php?rest_route=\/wp\/v2\/media\/7179"}],"wp:attachment":[{"href":"https:\/\/noticiasrec.com\/index.php?rest_route=%2Fwp%2Fv2%2Fmedia&parent=7178"}],"wp:term":[{"taxonomy":"category","embeddable":true,"href":"https:\/\/noticiasrec.com\/index.php?rest_route=%2Fwp%2Fv2%2Fcategories&post=7178"},{"taxonomy":"post_tag","embeddable":true,"href":"https:\/\/noticiasrec.com\/index.php?rest_route=%2Fwp%2Fv2%2Ftags&post=7178"}],"curies":[{"name":"wp","href":"https:\/\/api.w.org\/{rel}","templated":true}]}}