{"id":7159,"date":"2020-07-30T21:36:44","date_gmt":"2020-07-30T21:36:44","guid":{"rendered":"http:\/\/noticiasrec.com\/?p=7159"},"modified":"2020-07-30T21:36:44","modified_gmt":"2020-07-30T21:36:44","slug":"bombero-de-del-viso-nueva-victima-fatal-del-coronavirus","status":"publish","type":"post","link":"https:\/\/noticiasrec.com\/?p=7159","title":{"rendered":"Bombero de Del Viso, nueva v\u00edctima fatal del coronavirus"},"content":{"rendered":"\n<p>Un reconocido bombero de Del Viso se convirti\u00f3 en una de las v\u00edctimas fatales del COVID-19.<\/p>\n\n\n\n<p>Se trata de An\u00edbal Toloza, de 52 a\u00f1os, quien se encontraba internado en\u00a0una cl\u00ednica\u00a0de General Rodr\u00edguez desde\u00a0el 17 de julio,\u00a0quien prest\u00f3 funciones como Ayudante de Primera, por m\u00e1s de 20 a\u00f1os, quien incluso form\u00f3 parte de la fundaci\u00f3n de la entidad de Bomberos de Del Viso.<\/p>\n\n\n\n<p>\u201cCon profundo dolor informamos el fallecimiento del Ayudante de Primera An\u00edbal Toloza miembro fundador de nuestra instituci\u00f3n. Que Dios le d\u00e9 el descaso eterno, como as\u00ed tambi\u00e9n paz y resignaci\u00f3n a familiares y amigos\u201d, public\u00f3 Bomberos en un comunicado.<\/p>\n\n\n\n<p>Seg\u00fan pudo saber Pilar de Todos, Toloza en principio se comenz\u00f3 a recuperar, pero luego su cuadro se agrav\u00f3. Incluso fue sometido a una terapia con plasma, pero no result\u00f3 y perdi\u00f3 la vida.<\/p>\n\n\n\n<p>Esta ma\u00f1ana, Bomberos hizo sonar las sirenas del cuartel e iz\u00f3 la bandera a media asta en recuerdo de Toloza.<\/p>\n\n\n\n<p>El deceso de Toloza a\u00fan no se reflej\u00f3 en la cantidad de muertes por COVID que registra hasta el momento Pilar, 24 desde el inicio de la pandemia.<\/p>\n\n\n\n<p>Fuente\/\/Diario Pilar de Todos <\/p>\n","protected":false},"excerpt":{"rendered":"<p>Un reconocido bombero de Del Viso se convirti\u00f3 en una de las v\u00edctimas fatales del..<\/p>\n","protected":false},"author":2,"featured_media":7160,"comment_status":"open","ping_status":"open","sticky":false,"template":"","format":"standard","meta":{"footnotes":""},"categories":[3,11],"tags":[984,983,707,149,982],"class_list":["post-7159","post","type-post","status-publish","format-standard","has-post-thumbnail","hentry","category-municipios","category-pilar","tag-anibal-toloza","tag-bombero","tag-coronavirus","tag-del-viso","tag-victima-fatal"],"_links":{"self":[{"href":"https:\/\/noticiasrec.com\/index.php?rest_route=\/wp\/v2\/posts\/7159","targetHints":{"allow":["GET"]}}],"collection":[{"href":"https:\/\/noticiasrec.com\/index.php?rest_route=\/wp\/v2\/posts"}],"about":[{"href":"https:\/\/noticiasrec.com\/index.php?rest_route=\/wp\/v2\/types\/post"}],"author":[{"embeddable":true,"href":"https:\/\/noticiasrec.com\/index.php?rest_route=\/wp\/v2\/users\/2"}],"replies":[{"embeddable":true,"href":"https:\/\/noticiasrec.com\/index.php?rest_route=%2Fwp%2Fv2%2Fcomments&post=7159"}],"version-history":[{"count":1,"href":"https:\/\/noticiasrec.com\/index.php?rest_route=\/wp\/v2\/posts\/7159\/revisions"}],"predecessor-version":[{"id":7161,"href":"https:\/\/noticiasrec.com\/index.php?rest_route=\/wp\/v2\/posts\/7159\/revisions\/7161"}],"wp:featuredmedia":[{"embeddable":true,"href":"https:\/\/noticiasrec.com\/index.php?rest_route=\/wp\/v2\/media\/7160"}],"wp:attachment":[{"href":"https:\/\/noticiasrec.com\/index.php?rest_route=%2Fwp%2Fv2%2Fmedia&parent=7159"}],"wp:term":[{"taxonomy":"category","embeddable":true,"href":"https:\/\/noticiasrec.com\/index.php?rest_route=%2Fwp%2Fv2%2Fcategories&post=7159"},{"taxonomy":"post_tag","embeddable":true,"href":"https:\/\/noticiasrec.com\/index.php?rest_route=%2Fwp%2Fv2%2Ftags&post=7159"}],"curies":[{"name":"wp","href":"https:\/\/api.w.org\/{rel}","templated":true}]}}