{"id":7156,"date":"2020-07-30T21:21:01","date_gmt":"2020-07-30T21:21:01","guid":{"rendered":"http:\/\/noticiasrec.com\/?p=7156"},"modified":"2020-07-30T21:21:01","modified_gmt":"2020-07-30T21:21:01","slug":"nardini-recorrio-el-edificio-que-gendarmeria-nacional-tiene-en-malvinas-argentinas","status":"publish","type":"post","link":"https:\/\/noticiasrec.com\/?p=7156","title":{"rendered":"Nardini recorri\u00f3 el edificio que Gendarmer\u00eda Nacional tiene en Malvinas Argentinas"},"content":{"rendered":"\n<p>El intendente de Malvinas, Leo Nardini, recorri\u00f3 las instalaciones del edificio de Gendarmer\u00eda Nacional Argentina ubicado dentro del Polo de Seguridad del distrito, en la localidad de Ing. Pablo Nogu\u00e9s, a metros del Centro de Operaciones Municipal.<\/p>\n\n\n\n<p>El jefe comunal coment\u00f3: \u201cEstamos en el destacamento que construimos para la Gendarmer\u00eda Nacional, una fuerza federal que desarrolla diferentes tareas preventivas en nuestro Municipio y nunca le dimos una inauguraci\u00f3n formal. S\u00ed lo pusimos en funcionamiento lo antes posible teniendo en cuenta las necesidades y la problem\u00e1tica que hay hoy en d\u00eda y que aflige a muchos vecinos, que es la preocupaci\u00f3n por el tema de la seguridad\u201d.<\/p>\n\n\n\n<p>Este 28 de julio se conmemor\u00f3 el D\u00eda de la Gendarmer\u00eda Nacional y Nardini se refiri\u00f3 a la importancia de la Fuerza dentro del distrito: \u201cContar con una fuerza federal en un Municipio, como est\u00e1 pasando en distintas comunas de acuerdo a la decisi\u00f3n que se ha tomado desde el Ministerio de Seguridad Nacional, es muy bueno, teniendo en cuenta esta problem\u00e1tica que est\u00e1 creciendo y nos preocupa a todos los que tenemos la responsabilidad de gesti\u00f3n, para llevar adelante el d\u00eda a d\u00eda y el bienestar de cada uno de nuestros conciudadanos\u201d.<\/p>\n\n\n\n<p>Por \u00faltimo, el intendente cont\u00f3 que ya ha tenido reuniones para encontrar soluciones a este problema: \u201cSe hace un trabajo articulado, desde nuestra Subsecretar\u00eda de Seguridad en conjunto con el ministro de Seguridad provincial, el Dr. Sergio Berni, y con el Ministerio de Seguridad nacional a trav\u00e9s de la ministra Sabina Frederic. Ya tuvimos varias reuniones para contarles las problem\u00e1ticas e inquietudes que tenemos en el denominado Consorcio Regi\u00f3n Norte 2 que lo forman siete municipios y en el que viven dos millones de personas, planteamos debilidades y fortalezas para poder hacer un trabajo m\u00e1s articulado y tratamos de gestionar herramientas y acompa\u00f1amiento para sumar y que la gente pueda vivir mejor\u201d.<\/p>\n\n\n\n<p><\/p>\n","protected":false},"excerpt":{"rendered":"<p>El intendente de Malvinas, Leo Nardini, recorri\u00f3 las instalaciones del edificio de Gendarmer\u00eda Nacional Argentina..<\/p>\n","protected":false},"author":2,"featured_media":7157,"comment_status":"open","ping_status":"open","sticky":false,"template":"","format":"standard","meta":{"footnotes":""},"categories":[9,3],"tags":[981,17,52],"class_list":["post-7156","post","type-post","status-publish","format-standard","has-post-thumbnail","hentry","category-malvinas-argentinas","category-municipios","tag-gendarmeria-nacional","tag-malvinas-argentinas","tag-nardini"],"_links":{"self":[{"href":"https:\/\/noticiasrec.com\/index.php?rest_route=\/wp\/v2\/posts\/7156","targetHints":{"allow":["GET"]}}],"collection":[{"href":"https:\/\/noticiasrec.com\/index.php?rest_route=\/wp\/v2\/posts"}],"about":[{"href":"https:\/\/noticiasrec.com\/index.php?rest_route=\/wp\/v2\/types\/post"}],"author":[{"embeddable":true,"href":"https:\/\/noticiasrec.com\/index.php?rest_route=\/wp\/v2\/users\/2"}],"replies":[{"embeddable":true,"href":"https:\/\/noticiasrec.com\/index.php?rest_route=%2Fwp%2Fv2%2Fcomments&post=7156"}],"version-history":[{"count":1,"href":"https:\/\/noticiasrec.com\/index.php?rest_route=\/wp\/v2\/posts\/7156\/revisions"}],"predecessor-version":[{"id":7158,"href":"https:\/\/noticiasrec.com\/index.php?rest_route=\/wp\/v2\/posts\/7156\/revisions\/7158"}],"wp:featuredmedia":[{"embeddable":true,"href":"https:\/\/noticiasrec.com\/index.php?rest_route=\/wp\/v2\/media\/7157"}],"wp:attachment":[{"href":"https:\/\/noticiasrec.com\/index.php?rest_route=%2Fwp%2Fv2%2Fmedia&parent=7156"}],"wp:term":[{"taxonomy":"category","embeddable":true,"href":"https:\/\/noticiasrec.com\/index.php?rest_route=%2Fwp%2Fv2%2Fcategories&post=7156"},{"taxonomy":"post_tag","embeddable":true,"href":"https:\/\/noticiasrec.com\/index.php?rest_route=%2Fwp%2Fv2%2Ftags&post=7156"}],"curies":[{"name":"wp","href":"https:\/\/api.w.org\/{rel}","templated":true}]}}