{"id":7149,"date":"2020-07-27T16:36:01","date_gmt":"2020-07-27T16:36:01","guid":{"rendered":"http:\/\/noticiasrec.com\/?p=7149"},"modified":"2020-07-27T16:36:01","modified_gmt":"2020-07-27T16:36:01","slug":"mario-ishii-cuando-hable-de-falopa-me-referia-al-clonazepan-y-rivotril-que-llevan-todas-la-ambulancias","status":"publish","type":"post","link":"https:\/\/noticiasrec.com\/?p=7149","title":{"rendered":"Mario Ishii: \u00abCuando habl\u00e9 de \u00abfalopa\u00bb me refer\u00eda al clonazepan y rivotril que llevan todas la ambulancias\u00bb"},"content":{"rendered":"\n<p>El intendente de Jos\u00e9 C. Paz, <strong>Mario Ishii,<\/strong> luego del pol\u00e9mico video donde se lo ve cuando llevaba a cabo una en\u00e9rgica chala con trabajadores de ambulancias que reclamaban mejoras en las condiciones laborales, sali\u00f3 a clarificar sus dichos a cerca de la \u00abfalopa\u00bb, aclarando que se refer\u00eda a los psicof\u00e1rmacos que lleva una ambulancia generalmente.<\/p>\n\n\n\n<p>Esta ma\u00f1ana en  declaraciones al medio intendenciasBA Ishii dec\u00eda:<\/p>\n\n\n\n<p>\u00abEn el video me recotan un pedazo donde yo nombro la palabra \u00abfalopa\u00bb, pero los medios interpretaron otro tipo de estupefaciente y yo estaba hablando de Rivotril, Clonazepan, los medicamentos que lleva la ambulancia, que va a llevar la ambulancia? me armaron un show\u00bb<\/p>\n\n\n\n<p> \u00abSi yo estoy al frente de la sevretar\u00eda de salud es porque trabajamos a brazo partido para salvar a la gente, hoy hemos contratado a mas de 200 m\u00e9dicos, compr\u00e9 10 ambulancias por Leasing, mas de 20 camionetas para llegar a los domicilios\u00bb<\/p>\n\n\n\n<p>Con respecto a los estupefacientes dijo: \u00abSiempre estuve en contra del narcotr\u00e1fico y lo he denunciado\u00bb<\/p>\n\n\n\n<p>y sentenci\u00f3: \u00abSi me quieren ensuciar ensucienm\u00e9, lo unico que les pido es que me dejen trabajar\u00bb. \u00abY a la justicia voy a ir, siempre estuve en combinaci\u00f3n con la justicia denunciando cosas\u00bb.<\/p>\n\n\n\n<p>\u00abYo intervine la secretar\u00eda de salud el 4 de Marzo y voy solo unas horas al palacio municipal, el resto me la paso en la secretar\u00eda de salud\u00bb.<\/p>\n\n\n\n<p>Y culmin\u00f3 diciendo: \u00abTendr\u00edan que estar 2 minutos ac\u00e1 para saber lo que se vive y ver a la gente que se le muere un familiar\u00bb. <\/p>\n\n\n\n<p><\/p>\n\n\n\n<p><\/p>\n\n\n\n<p><\/p>\n\n\n\n<p><\/p>\n","protected":false},"excerpt":{"rendered":"<p>El intendente de Jos\u00e9 C. Paz, Mario Ishii, luego del pol\u00e9mico video donde se lo..<\/p>\n","protected":false},"author":2,"featured_media":7151,"comment_status":"open","ping_status":"open","sticky":false,"template":"","format":"standard","meta":{"footnotes":""},"categories":[10,3,19],"tags":[978,976,979,62,977,980],"class_list":["post-7149","post","type-post","status-publish","format-standard","has-post-thumbnail","hentry","category-jose-c-paz","category-municipios","category-salud","tag-ambulancias","tag-clonazepan","tag-falopa","tag-mario-ishii","tag-rivotril","tag-video"],"_links":{"self":[{"href":"https:\/\/noticiasrec.com\/index.php?rest_route=\/wp\/v2\/posts\/7149","targetHints":{"allow":["GET"]}}],"collection":[{"href":"https:\/\/noticiasrec.com\/index.php?rest_route=\/wp\/v2\/posts"}],"about":[{"href":"https:\/\/noticiasrec.com\/index.php?rest_route=\/wp\/v2\/types\/post"}],"author":[{"embeddable":true,"href":"https:\/\/noticiasrec.com\/index.php?rest_route=\/wp\/v2\/users\/2"}],"replies":[{"embeddable":true,"href":"https:\/\/noticiasrec.com\/index.php?rest_route=%2Fwp%2Fv2%2Fcomments&post=7149"}],"version-history":[{"count":1,"href":"https:\/\/noticiasrec.com\/index.php?rest_route=\/wp\/v2\/posts\/7149\/revisions"}],"predecessor-version":[{"id":7152,"href":"https:\/\/noticiasrec.com\/index.php?rest_route=\/wp\/v2\/posts\/7149\/revisions\/7152"}],"wp:featuredmedia":[{"embeddable":true,"href":"https:\/\/noticiasrec.com\/index.php?rest_route=\/wp\/v2\/media\/7151"}],"wp:attachment":[{"href":"https:\/\/noticiasrec.com\/index.php?rest_route=%2Fwp%2Fv2%2Fmedia&parent=7149"}],"wp:term":[{"taxonomy":"category","embeddable":true,"href":"https:\/\/noticiasrec.com\/index.php?rest_route=%2Fwp%2Fv2%2Fcategories&post=7149"},{"taxonomy":"post_tag","embeddable":true,"href":"https:\/\/noticiasrec.com\/index.php?rest_route=%2Fwp%2Fv2%2Ftags&post=7149"}],"curies":[{"name":"wp","href":"https:\/\/api.w.org\/{rel}","templated":true}]}}