{"id":7142,"date":"2020-07-22T20:13:28","date_gmt":"2020-07-22T20:13:28","guid":{"rendered":"http:\/\/noticiasrec.com\/?p=7142"},"modified":"2020-07-22T20:13:28","modified_gmt":"2020-07-22T20:13:28","slug":"muy-probablemente-el-escenario-sea-endurecer-la-cuarentena-si-persiste-la-suba-de-casos","status":"publish","type":"post","link":"https:\/\/noticiasrec.com\/?p=7142","title":{"rendered":"\u00abMuy probablemente el escenario sea endurecer la cuarentena\u00bb si persiste la suba de casos\u00bb"},"content":{"rendered":"\n<p>\n\nLa subsecretaria de Gesti\u00f3n de la Informaci\u00f3n, Educaci\u00f3n Permanente y Fiscalizaci\u00f3n del Ministerio de Salud bonaerense, Leticia Ceriani, dijo a T\u00e9lam que hay un \u00abcrecimiento significativo\u00bb de casos de coronavirus y afirm\u00f3 que \u00abmuy probablemente el escenario sea volver atr\u00e1s o endurecer la cuarentena\u00bb si persiste el aumento de la curva de contagios.<\/p>\n\n\n\n<p>\u00abEst\u00e1n creciendo los casos y&nbsp;<strong>habr\u00e1 que analizar a qu\u00e9 velocidad se da el crecimiento<\/strong>, pero yo creo que muy probablemente el escenario sea volver atr\u00e1s o endurecer la cuarentena\u00bb, afirm\u00f3 Ceriani.<\/p>\n\n\n\n<p>La funcionaria sostuvo que el aislamiento estricto dispuesto para el \u00c1rea Metropolitana de Buenos Aires (AMBA) entre el 1 y el 17 de julio<strong>\u00a0\u00absirvi\u00f3 para disminuir la velocidad de los contagios y para tener un porcentaje de ocupaci\u00f3n de camas estabilizado\u00bb,<\/strong>\u00a0pero asegur\u00f3 que \u00absigue siendo alto el n\u00famero de casos y no se lleg\u00f3 a bajar la curva\u00bb.<\/p>\n\n\n\n<p>\n\n\u00abNo sabremos si este es el pico hasta que no empiecen a descender los casos. S\u00ed sabemos que la situaci\u00f3n es de crecimiento significativo y de aumento de curva\u00bb, asever\u00f3 en una entrevista con T\u00e9lam.<\/p>\n\n\n\n<p><strong>La provincia de Buenos Aires registr\u00f3 ayer 3.477 nuevos contagios, el n\u00famero m\u00e1s alto diario desde el inicio de la pandemia, y acumula 76.817<\/strong>&nbsp;diagn\u00f3sticos de Covid-19, con la mayor\u00eda de los enfermos concentrados en el primer cord\u00f3n del conurbano bonaerense.<\/p>\n\n\n\n<p>\u00abEl AMBA es la zona que concentra mayor cantidad de casos y la que tiene la ocupaci\u00f3n m\u00e1s alta de camas.&nbsp;<strong>Hoy la ocupaci\u00f3n de camas de cuidados intensivos es del 60,2% y de 36% en el interior<\/strong>&nbsp;de la provincia\u00bb, expres\u00f3.<\/p>\n\n\n\n<p>Ceriani dijo que al mirar el mapa de calor de los casos \u00abse ve como si fuera irradiando una mancha de aceite desde el centro hacia la periferia.&nbsp;<strong>El primer cord\u00f3n es la zona m\u00e1s complicada, luego el segundo y el tercer cord\u00f3n\u00bb.<\/strong><br><\/p>\n\n\n\n<p><br><\/p>\n","protected":false},"excerpt":{"rendered":"<p>La subsecretaria de Gesti\u00f3n de la Informaci\u00f3n, Educaci\u00f3n Permanente y Fiscalizaci\u00f3n del Ministerio de Salud..<\/p>\n","protected":false},"author":2,"featured_media":7143,"comment_status":"open","ping_status":"open","sticky":false,"template":"","format":"standard","meta":{"footnotes":""},"categories":[2,19],"tags":[707,967,969,968,970],"class_list":["post-7142","post","type-post","status-publish","format-standard","has-post-thumbnail","hentry","category-provincia","category-salud","tag-coronavirus","tag-endurecer-la-cuarentena","tag-leticia-ceriani","tag-suba-de-casos","tag-velocidad-de-los-contagios"],"_links":{"self":[{"href":"https:\/\/noticiasrec.com\/index.php?rest_route=\/wp\/v2\/posts\/7142","targetHints":{"allow":["GET"]}}],"collection":[{"href":"https:\/\/noticiasrec.com\/index.php?rest_route=\/wp\/v2\/posts"}],"about":[{"href":"https:\/\/noticiasrec.com\/index.php?rest_route=\/wp\/v2\/types\/post"}],"author":[{"embeddable":true,"href":"https:\/\/noticiasrec.com\/index.php?rest_route=\/wp\/v2\/users\/2"}],"replies":[{"embeddable":true,"href":"https:\/\/noticiasrec.com\/index.php?rest_route=%2Fwp%2Fv2%2Fcomments&post=7142"}],"version-history":[{"count":1,"href":"https:\/\/noticiasrec.com\/index.php?rest_route=\/wp\/v2\/posts\/7142\/revisions"}],"predecessor-version":[{"id":7144,"href":"https:\/\/noticiasrec.com\/index.php?rest_route=\/wp\/v2\/posts\/7142\/revisions\/7144"}],"wp:featuredmedia":[{"embeddable":true,"href":"https:\/\/noticiasrec.com\/index.php?rest_route=\/wp\/v2\/media\/7143"}],"wp:attachment":[{"href":"https:\/\/noticiasrec.com\/index.php?rest_route=%2Fwp%2Fv2%2Fmedia&parent=7142"}],"wp:term":[{"taxonomy":"category","embeddable":true,"href":"https:\/\/noticiasrec.com\/index.php?rest_route=%2Fwp%2Fv2%2Fcategories&post=7142"},{"taxonomy":"post_tag","embeddable":true,"href":"https:\/\/noticiasrec.com\/index.php?rest_route=%2Fwp%2Fv2%2Ftags&post=7142"}],"curies":[{"name":"wp","href":"https:\/\/api.w.org\/{rel}","templated":true}]}}