{"id":7106,"date":"2020-07-08T21:00:01","date_gmt":"2020-07-08T21:00:01","guid":{"rendered":"http:\/\/noticiasrec.com\/?p=7106"},"modified":"2020-07-08T21:00:01","modified_gmt":"2020-07-08T21:00:01","slug":"en-una-semana-de-explosivas-declaraciones-ishii-recibio-a-funcionario-de-seguridad-nacional","status":"publish","type":"post","link":"https:\/\/noticiasrec.com\/?p=7106","title":{"rendered":"En una semana de \u00abexplosivas\u00bb declaraciones, Ishii recibi\u00f3 a funcionario de seguridad nacional"},"content":{"rendered":"\n<p>Sabido es que cuando Mario Ishii hace declaraciones a medios de comunicaci\u00f3n, es muy probable que no pasen desapercibidas.<\/p>\n\n\n\n<p>Y justamente fu\u00e9 esta semana en la que el intendente pace\u00f1o pronostic\u00f3 que \u201d para fines de Agosto vamos a estar como en 2001\u2033, dejando en claro el inminente peligro de desborde y robos, debido a la extensi\u00f3n reiterada de la cuarentena.<\/p>\n\n\n\n<p>En este contexto Mario Ishii recibi\u00f3 hoy en su despacho al Subsecretario de Intervenci\u00f3n Federal del Ministerio de Seguridad de la Naci\u00f3n, Luis Morales.<\/p>\n\n\n\n<p>La reuni\u00f3n de trabajo tuvo como foco el nuevo despliegue de las fuerzas federales en el territorio pace\u00f1o.<\/p>\n\n\n\n<p>De esta manera se refuerza el trabajo mancomunado entre y Jos\u00e9 C. Paz para hacer frente a las consecuencias de la pandemia del covid-19<\/p>\n","protected":false},"excerpt":{"rendered":"<p>Sabido es que cuando Mario Ishii hace declaraciones a medios de comunicaci\u00f3n, es muy probable..<\/p>\n","protected":false},"author":2,"featured_media":7108,"comment_status":"open","ping_status":"open","sticky":false,"template":"","format":"standard","meta":{"footnotes":""},"categories":[10,3],"tags":[919,190,60,921,920,922],"class_list":["post-7106","post","type-post","status-publish","format-standard","has-post-thumbnail","hentry","category-jose-c-paz","category-municipios","tag-explosivas-declaraciones","tag-ishii","tag-jose-c-paz","tag-luis-morales","tag-seguridad-nacional","tag-subsecretario-de-intervencion-federal-del-ministerio-de-seguridad-de-la-nacion"],"_links":{"self":[{"href":"https:\/\/noticiasrec.com\/index.php?rest_route=\/wp\/v2\/posts\/7106","targetHints":{"allow":["GET"]}}],"collection":[{"href":"https:\/\/noticiasrec.com\/index.php?rest_route=\/wp\/v2\/posts"}],"about":[{"href":"https:\/\/noticiasrec.com\/index.php?rest_route=\/wp\/v2\/types\/post"}],"author":[{"embeddable":true,"href":"https:\/\/noticiasrec.com\/index.php?rest_route=\/wp\/v2\/users\/2"}],"replies":[{"embeddable":true,"href":"https:\/\/noticiasrec.com\/index.php?rest_route=%2Fwp%2Fv2%2Fcomments&post=7106"}],"version-history":[{"count":1,"href":"https:\/\/noticiasrec.com\/index.php?rest_route=\/wp\/v2\/posts\/7106\/revisions"}],"predecessor-version":[{"id":7109,"href":"https:\/\/noticiasrec.com\/index.php?rest_route=\/wp\/v2\/posts\/7106\/revisions\/7109"}],"wp:featuredmedia":[{"embeddable":true,"href":"https:\/\/noticiasrec.com\/index.php?rest_route=\/wp\/v2\/media\/7108"}],"wp:attachment":[{"href":"https:\/\/noticiasrec.com\/index.php?rest_route=%2Fwp%2Fv2%2Fmedia&parent=7106"}],"wp:term":[{"taxonomy":"category","embeddable":true,"href":"https:\/\/noticiasrec.com\/index.php?rest_route=%2Fwp%2Fv2%2Fcategories&post=7106"},{"taxonomy":"post_tag","embeddable":true,"href":"https:\/\/noticiasrec.com\/index.php?rest_route=%2Fwp%2Fv2%2Ftags&post=7106"}],"curies":[{"name":"wp","href":"https:\/\/api.w.org\/{rel}","templated":true}]}}