{"id":7099,"date":"2020-07-08T14:58:45","date_gmt":"2020-07-08T14:58:45","guid":{"rendered":"http:\/\/noticiasrec.com\/?p=7099"},"modified":"2020-07-08T14:58:45","modified_gmt":"2020-07-08T14:58:45","slug":"a-traves-de-un-programa-el-municipio-de-jose-c-paz-brinda-apoyo-a-afectados-de-covid19","status":"publish","type":"post","link":"https:\/\/noticiasrec.com\/?p=7099","title":{"rendered":"A trav\u00e9s de un programa, el municipio de Jos\u00e9 C. Paz brinda apoyo a afectados de covid19"},"content":{"rendered":"\n<p> La Municipalidad de Jos\u00e9 C. Paz, por gesti\u00f3n del Intendente Mario Ishii, lleva adelante un programa de apoyo y contenci\u00f3n a los vecinos con Coronavirus y sus contactos estrechos para mantener un estricto aislamiento en sus hogares.<br><\/p>\n\n\n\n<p>Se reparten insumos m\u00e9dicos, bolsones de alimentos, productos de limpieza para el hogar y de higiene personal.<br><\/p>\n\n\n\n<p>Tambi\u00e9n se fumiga y desinfecta toda la zona utilizada por parte del personal de la Secretar\u00eda de Obras y Servicios.<br>Las im\u00e1genes fueron retocadas digitalmente para mantener la privacidad de los vecinos <\/p>\n","protected":false},"excerpt":{"rendered":"<p>La Municipalidad de Jos\u00e9 C. Paz, por gesti\u00f3n del Intendente Mario Ishii, lleva adelante un..<\/p>\n","protected":false},"author":2,"featured_media":7100,"comment_status":"open","ping_status":"open","sticky":false,"template":"","format":"standard","meta":{"footnotes":""},"categories":[10,3,19],"tags":[917,867,60,62,918,916],"class_list":["post-7099","post","type-post","status-publish","format-standard","has-post-thumbnail","hentry","category-jose-c-paz","category-municipios","category-salud","tag-brinda-apoyo","tag-covid19","tag-jose-c-paz","tag-mario-ishii","tag-municipalidad-de-jose-c-paz","tag-programa"],"_links":{"self":[{"href":"https:\/\/noticiasrec.com\/index.php?rest_route=\/wp\/v2\/posts\/7099","targetHints":{"allow":["GET"]}}],"collection":[{"href":"https:\/\/noticiasrec.com\/index.php?rest_route=\/wp\/v2\/posts"}],"about":[{"href":"https:\/\/noticiasrec.com\/index.php?rest_route=\/wp\/v2\/types\/post"}],"author":[{"embeddable":true,"href":"https:\/\/noticiasrec.com\/index.php?rest_route=\/wp\/v2\/users\/2"}],"replies":[{"embeddable":true,"href":"https:\/\/noticiasrec.com\/index.php?rest_route=%2Fwp%2Fv2%2Fcomments&post=7099"}],"version-history":[{"count":1,"href":"https:\/\/noticiasrec.com\/index.php?rest_route=\/wp\/v2\/posts\/7099\/revisions"}],"predecessor-version":[{"id":7101,"href":"https:\/\/noticiasrec.com\/index.php?rest_route=\/wp\/v2\/posts\/7099\/revisions\/7101"}],"wp:featuredmedia":[{"embeddable":true,"href":"https:\/\/noticiasrec.com\/index.php?rest_route=\/wp\/v2\/media\/7100"}],"wp:attachment":[{"href":"https:\/\/noticiasrec.com\/index.php?rest_route=%2Fwp%2Fv2%2Fmedia&parent=7099"}],"wp:term":[{"taxonomy":"category","embeddable":true,"href":"https:\/\/noticiasrec.com\/index.php?rest_route=%2Fwp%2Fv2%2Fcategories&post=7099"},{"taxonomy":"post_tag","embeddable":true,"href":"https:\/\/noticiasrec.com\/index.php?rest_route=%2Fwp%2Fv2%2Ftags&post=7099"}],"curies":[{"name":"wp","href":"https:\/\/api.w.org\/{rel}","templated":true}]}}