{"id":7093,"date":"2020-07-08T14:17:06","date_gmt":"2020-07-08T14:17:06","guid":{"rendered":"http:\/\/noticiasrec.com\/?p=7093"},"modified":"2020-07-08T14:17:06","modified_gmt":"2020-07-08T14:17:06","slug":"pilar-detectan-mas-casos-de-covid19-en-diarco-y-lo-vuelven-a-clausurar","status":"publish","type":"post","link":"https:\/\/noticiasrec.com\/?p=7093","title":{"rendered":"Pilar: Detectan m\u00e1s casos de covid19 en Diarco y lo vuelven a clausurar"},"content":{"rendered":"\n<p>Tras detectarse 4 casos nuevos de COVID-19 entre sus empleados, la Comuna clausur\u00f3 otra vez el mayorista Diarco, ubicado a la altura del KM 49 de la Panamericana.<\/p>\n\n\n\n<p>Los positivos fueron comunicados ayer por la tarde, an\u00e1lisis que se hab\u00edan realizado el s\u00e1bado,&nbsp;<a href=\"https:\/\/www.pilardetodos.com.ar\/secciones\/noticias\/salud\/cierran-un-mayorista-por-dos-casos-de-covid-positivos\">tras hallarse los primeros dos empleados afectados<\/a>, mientras que el local ya estaba cerrado desde el 3 de julio.<\/p>\n\n\n\n<p>Sin embargo, el lunes el local volvi\u00f3 a reabrir y estuvo funcionando hasta el martes por la tarde seg\u00fan trascendi\u00f3 con varios de los empleados que dieron positivo. El establecimiento seguir\u00e1 cerrado por al menos 72 horas.<\/p>\n\n\n\n<p>Fuente\/\/Pilardetodos.com.ar<\/p>\n","protected":false},"excerpt":{"rendered":"<p>Tras detectarse 4 casos nuevos de COVID-19 entre sus empleados, la Comuna clausur\u00f3 otra vez..<\/p>\n","protected":false},"author":2,"featured_media":7094,"comment_status":"open","ping_status":"open","sticky":false,"template":"","format":"standard","meta":{"footnotes":""},"categories":[3,11,19],"tags":[911,913,867,910,912,26],"class_list":["post-7093","post","type-post","status-publish","format-standard","has-post-thumbnail","hentry","category-municipios","category-pilar","category-salud","tag-4-casos-nuevos","tag-comuna-clausuro","tag-covid19","tag-diarco","tag-panamericana","tag-pilar"],"_links":{"self":[{"href":"https:\/\/noticiasrec.com\/index.php?rest_route=\/wp\/v2\/posts\/7093","targetHints":{"allow":["GET"]}}],"collection":[{"href":"https:\/\/noticiasrec.com\/index.php?rest_route=\/wp\/v2\/posts"}],"about":[{"href":"https:\/\/noticiasrec.com\/index.php?rest_route=\/wp\/v2\/types\/post"}],"author":[{"embeddable":true,"href":"https:\/\/noticiasrec.com\/index.php?rest_route=\/wp\/v2\/users\/2"}],"replies":[{"embeddable":true,"href":"https:\/\/noticiasrec.com\/index.php?rest_route=%2Fwp%2Fv2%2Fcomments&post=7093"}],"version-history":[{"count":1,"href":"https:\/\/noticiasrec.com\/index.php?rest_route=\/wp\/v2\/posts\/7093\/revisions"}],"predecessor-version":[{"id":7095,"href":"https:\/\/noticiasrec.com\/index.php?rest_route=\/wp\/v2\/posts\/7093\/revisions\/7095"}],"wp:featuredmedia":[{"embeddable":true,"href":"https:\/\/noticiasrec.com\/index.php?rest_route=\/wp\/v2\/media\/7094"}],"wp:attachment":[{"href":"https:\/\/noticiasrec.com\/index.php?rest_route=%2Fwp%2Fv2%2Fmedia&parent=7093"}],"wp:term":[{"taxonomy":"category","embeddable":true,"href":"https:\/\/noticiasrec.com\/index.php?rest_route=%2Fwp%2Fv2%2Fcategories&post=7093"},{"taxonomy":"post_tag","embeddable":true,"href":"https:\/\/noticiasrec.com\/index.php?rest_route=%2Fwp%2Fv2%2Ftags&post=7093"}],"curies":[{"name":"wp","href":"https:\/\/api.w.org\/{rel}","templated":true}]}}