{"id":7078,"date":"2020-07-06T22:10:42","date_gmt":"2020-07-06T22:10:42","guid":{"rendered":"http:\/\/noticiasrec.com\/?p=7078"},"modified":"2020-07-06T22:10:42","modified_gmt":"2020-07-06T22:10:42","slug":"mario-ishii-en-45-dias-explota-todo","status":"publish","type":"post","link":"https:\/\/noticiasrec.com\/?p=7078","title":{"rendered":"Mario Ishii: \u00abEn 45 d\u00edas explota todo\u00bb"},"content":{"rendered":"\n<p>Mario Ishii, intendente de Jos\u00e9 C. Paz, advirti\u00f3 que se viene una crisis gigante y se anim\u00f3 a comparar este momento del pa\u00eds con la crisis del 2001. <strong>\u201cHay que decir que a\u00fan no se lleg\u00f3 al pico m\u00e1ximo: no lleg\u00f3 lo peor\u201d<\/strong>, indic\u00f3.\u00a0<\/p>\n\n\n\n<p>En una entrevista con el diario Perfil, el jefe comunal explica advierte lo siguiente:\u00a0<strong>\u201cPara fines de agosto vamos a estar como en 2001 aproximadamente. Viv\u00ed dos saqueos y pienso que la gente va a volver a 2001.<\/strong>\u00a0A las empresas medianas y a las pymes no les alcanza para nada, por m\u00e1s que las ayuden. Tienen el mismo gasto y se est\u00e1n fundiendo\u201d.<\/p>\n\n\n\n<p>Jos\u00e9 C. Paz es uno de los distritos m\u00e1s pobres del conurbano bonaerense y explica que los m\u00e1s 100 d\u00edas de aislamiento van a hacer que la gente salga a la calle:&nbsp;<strong>\u201cCuando en 2001 explot\u00f3 fue por hambre<\/strong>. Salieron a saquear todos los negocios por comida. Hoy la bronca es de la gente que est\u00e1 sin trabajar. Y<strong>&nbsp;lo peor es que muchos est\u00e1n con necesidades mucho mayores que en 2001\u201d.<\/strong><\/p>\n\n\n\n<p>\u201cVeo que se est\u00e1 superando una l\u00ednea:<strong>\u00a0la gente ya no respeta a los funcionarios.<\/strong>\u00a0No s\u00e9 si estar\u00edamos mucho mejor sin el coronavirus\u201d, coment\u00f3. Y agreg\u00f3:\u00a0\u201cLa gente de distintas partes del pa\u00eds no aguanta m\u00e1s,\u00a0no solo en el Conurbano.\u00a0Se est\u00e1n fundiendo.\u00a0<strong>Quiebran las empresas. La cesaci\u00f3n de pagos se generaliza\u201d.<\/strong><\/p>\n\n\n\n<p>\n\nAdem\u00e1s, advierte sobre que hay m\u00e1s gente que sale a robar:&nbsp;\u201cEn este \u00faltimo mes se ve mucha m\u00e1s delincuencia.&nbsp;<strong>Reaparecieron los motochorros<\/strong>, que no los ten\u00edamos aqu\u00ed. En Jos\u00e9 C. Paz no se rob\u00f3 nunca a los bancos. Y hoy encontras que hay operativos de veinte o treinta motos con gente armada\u00bb.\n\n<\/p>\n\n\n\n<p><\/p>\n\n\n\n<p><\/p>\n","protected":false},"excerpt":{"rendered":"<p>Mario Ishii, intendente de Jos\u00e9 C. Paz, advirti\u00f3 que se viene una crisis gigante y..<\/p>\n","protected":false},"author":2,"featured_media":7079,"comment_status":"open","ping_status":"open","sticky":false,"template":"","format":"standard","meta":{"footnotes":""},"categories":[10,3,4,2],"tags":[894,892,893,895,60,62],"class_list":["post-7078","post","type-post","status-publish","format-standard","has-post-thumbnail","hentry","category-jose-c-paz","category-municipios","category-politica","category-provincia","tag-894","tag-45-dias","tag-explota-todo","tag-fines-de-agosto","tag-jose-c-paz","tag-mario-ishii"],"_links":{"self":[{"href":"https:\/\/noticiasrec.com\/index.php?rest_route=\/wp\/v2\/posts\/7078","targetHints":{"allow":["GET"]}}],"collection":[{"href":"https:\/\/noticiasrec.com\/index.php?rest_route=\/wp\/v2\/posts"}],"about":[{"href":"https:\/\/noticiasrec.com\/index.php?rest_route=\/wp\/v2\/types\/post"}],"author":[{"embeddable":true,"href":"https:\/\/noticiasrec.com\/index.php?rest_route=\/wp\/v2\/users\/2"}],"replies":[{"embeddable":true,"href":"https:\/\/noticiasrec.com\/index.php?rest_route=%2Fwp%2Fv2%2Fcomments&post=7078"}],"version-history":[{"count":1,"href":"https:\/\/noticiasrec.com\/index.php?rest_route=\/wp\/v2\/posts\/7078\/revisions"}],"predecessor-version":[{"id":7080,"href":"https:\/\/noticiasrec.com\/index.php?rest_route=\/wp\/v2\/posts\/7078\/revisions\/7080"}],"wp:featuredmedia":[{"embeddable":true,"href":"https:\/\/noticiasrec.com\/index.php?rest_route=\/wp\/v2\/media\/7079"}],"wp:attachment":[{"href":"https:\/\/noticiasrec.com\/index.php?rest_route=%2Fwp%2Fv2%2Fmedia&parent=7078"}],"wp:term":[{"taxonomy":"category","embeddable":true,"href":"https:\/\/noticiasrec.com\/index.php?rest_route=%2Fwp%2Fv2%2Fcategories&post=7078"},{"taxonomy":"post_tag","embeddable":true,"href":"https:\/\/noticiasrec.com\/index.php?rest_route=%2Fwp%2Fv2%2Ftags&post=7078"}],"curies":[{"name":"wp","href":"https:\/\/api.w.org\/{rel}","templated":true}]}}