{"id":7075,"date":"2020-07-03T22:06:02","date_gmt":"2020-07-03T22:06:02","guid":{"rendered":"http:\/\/noticiasrec.com\/?p=7075"},"modified":"2020-07-03T22:06:02","modified_gmt":"2020-07-03T22:06:02","slug":"se-activo-un-protocolo-preventivo-en-un-geriatrico-de-san-miguel","status":"publish","type":"post","link":"https:\/\/noticiasrec.com\/?p=7075","title":{"rendered":"Se activ\u00f3 un protocolo preventivo en un geri\u00e1trico de San Miguel"},"content":{"rendered":"\n<p>Con apoyo del SAME y nuestro equipo de Salud municipal, en el d\u00eda de la fecha se activ\u00f3 un protocolo preventivo en un geri\u00e1trico del distrito, cuyos residentes presentaban sintomatolog\u00eda compatible con CoVid 19.<br><br>Se procedi\u00f3 a la evacuaci\u00f3n y desinfecci\u00f3n del lugar y se hisop\u00f3 a todos los adultos mayores y al personal a su cargo. Seguidamente, se aisl\u00f3 a quienes no presentaban s\u00edntomas y se deriv\u00f3 a los efectores de salud correspondientes aquellos cuadros sospechosos de coronavirus.<\/p>\n\n\n\n<p>Seguimos trabajando fuertemente para preservar la salud de nuestros vecinos y esperamos que todos ellos evolucionen favorablemente.\n\n<\/p>\n","protected":false},"excerpt":{"rendered":"<p>Con apoyo del SAME y nuestro equipo de Salud municipal, en el d\u00eda de la..<\/p>\n","protected":false},"author":2,"featured_media":7076,"comment_status":"open","ping_status":"open","sticky":false,"template":"","format":"standard","meta":{"footnotes":""},"categories":[3,19,8],"tags":[891,889,842,546,890,57,888],"class_list":["post-7075","post","type-post","status-publish","format-standard","has-post-thumbnail","hentry","category-municipios","category-salud","category-san-miguel","tag-covid-19-2","tag-geriatrico","tag-protocolo","tag-salud","tag-same","tag-san-miguel","tag-se-activo"],"_links":{"self":[{"href":"https:\/\/noticiasrec.com\/index.php?rest_route=\/wp\/v2\/posts\/7075","targetHints":{"allow":["GET"]}}],"collection":[{"href":"https:\/\/noticiasrec.com\/index.php?rest_route=\/wp\/v2\/posts"}],"about":[{"href":"https:\/\/noticiasrec.com\/index.php?rest_route=\/wp\/v2\/types\/post"}],"author":[{"embeddable":true,"href":"https:\/\/noticiasrec.com\/index.php?rest_route=\/wp\/v2\/users\/2"}],"replies":[{"embeddable":true,"href":"https:\/\/noticiasrec.com\/index.php?rest_route=%2Fwp%2Fv2%2Fcomments&post=7075"}],"version-history":[{"count":1,"href":"https:\/\/noticiasrec.com\/index.php?rest_route=\/wp\/v2\/posts\/7075\/revisions"}],"predecessor-version":[{"id":7077,"href":"https:\/\/noticiasrec.com\/index.php?rest_route=\/wp\/v2\/posts\/7075\/revisions\/7077"}],"wp:featuredmedia":[{"embeddable":true,"href":"https:\/\/noticiasrec.com\/index.php?rest_route=\/wp\/v2\/media\/7076"}],"wp:attachment":[{"href":"https:\/\/noticiasrec.com\/index.php?rest_route=%2Fwp%2Fv2%2Fmedia&parent=7075"}],"wp:term":[{"taxonomy":"category","embeddable":true,"href":"https:\/\/noticiasrec.com\/index.php?rest_route=%2Fwp%2Fv2%2Fcategories&post=7075"},{"taxonomy":"post_tag","embeddable":true,"href":"https:\/\/noticiasrec.com\/index.php?rest_route=%2Fwp%2Fv2%2Ftags&post=7075"}],"curies":[{"name":"wp","href":"https:\/\/api.w.org\/{rel}","templated":true}]}}