{"id":7058,"date":"2020-06-25T14:46:13","date_gmt":"2020-06-25T14:46:13","guid":{"rendered":"http:\/\/noticiasrec.com\/?p=7058"},"modified":"2020-06-25T15:28:34","modified_gmt":"2020-06-25T15:28:34","slug":"asi-es-el-nuevo-hospital-municipal-de-presidente-derqui","status":"publish","type":"post","link":"https:\/\/noticiasrec.com\/?p=7058","title":{"rendered":"As\u00ed es el nuevo Hospital Municipal de Presidente Derqui"},"content":{"rendered":"\n<p>El edificio se erige en un complejo de 954 m2. Cuenta con 20 camas de internaci\u00f3n y 6 de terapia intensiva. Suma tambi\u00e9n servicio de im\u00e1genes ya que habr\u00e1 tom\u00f3grafos, rayos y ec\u00f3grafos. Si bien atender\u00e1 casos  <br>Pilar tambi\u00e9n se constituye en un servicio esencial para la poblaci\u00f3n de esa localidad.<\/p>\n\n\n\n<p>El Municipio de Pilar inaugur\u00f3 este mi\u00e9rcoles el flamante nuevo hospital de Presidente Derqui. Fue en un acto que cont\u00f3 con la presencia del intendente Federico Ach\u00e1val y del gobernador de la provincia de Buenos Aires, Axel Kicillof.<\/p>\n\n\n\n<p>De las camas disponibles, 20 ser\u00e1n de internaci\u00f3n con ox\u00edgeno y 6 de terapia intensiva que contar\u00e1n con respiradores y aparatolog\u00eda de \u00faltima generaci\u00f3n, equipamiento que fue aportado por el Gobierno de la Provincia de Buenos Aires.<\/p>\n\n\n\n<p>La apertura del lugar adem\u00e1s permitir\u00e1 sumar espacios destinados a la atenci\u00f3n de pacientes que contraigan COVID-19. Ser\u00e1 un centro para tratar enfermedades respiratorias y coronavirus.<\/p>\n\n\n\n<p>Aunque al mismo tiempo se convertir\u00e1 en un sitio de referencia para aquellos vecinos que precisen de otro tipo de atenci\u00f3n m\u00e9dica.<br><br><\/p>\n\n\n\n<p>En ese sentido, el nuevo hospital de Derqui contar\u00e1 con servicio de im\u00e1genes. Para ello habr\u00e1 disponibles tom\u00f3grafos, servicio de rayos y ec\u00f3grafos. <\/p>\n\n\n\n<p>Se sumar\u00e1 tambi\u00e9n un sector de farmacia y laboratorio.<br>En el hospital, en tanto, se desempe\u00f1ar\u00e1n m\u00e9dicos cl\u00ednicos, pediatras y kinesi\u00f3logos.<br><br>El edificio hab\u00eda comenzado a construirse en la gesti\u00f3n del exintendente Nicol\u00e1s Ducot\u00e9.<br><br>En ese momento se hab\u00eda concebido la obra como un Centro de Diagn\u00f3stico que formaba parte del entonces Plan AMBA. Pero los trabajos quedaron paralizados en los \u00faltimos meses del mandato anterior por falta de fondos, junto con otro pu\u00f1ado de obras sanitarias en otras localidades.<\/p>\n\n\n\n<p>Fuente\/\/www.pilardetodos.com.ar<\/p>\n\n\n\n<p><\/p>\n","protected":false},"excerpt":{"rendered":"<p>El edificio se erige en un complejo de 954 m2. Cuenta con 20 camas de..<\/p>\n","protected":false},"author":2,"featured_media":7059,"comment_status":"open","ping_status":"open","sticky":false,"template":"","format":"standard","meta":{"footnotes":""},"categories":[3,11,19],"tags":[316,513,876,26,877,878],"class_list":["post-7058","post","type-post","status-publish","format-standard","has-post-thumbnail","hentry","category-municipios","category-pilar","category-salud","tag-axel-kicillof","tag-federico-achaval","tag-nuevo-hospital-municipal","tag-pilar","tag-presidente-derqui","tag-terapia-intensiva"],"_links":{"self":[{"href":"https:\/\/noticiasrec.com\/index.php?rest_route=\/wp\/v2\/posts\/7058","targetHints":{"allow":["GET"]}}],"collection":[{"href":"https:\/\/noticiasrec.com\/index.php?rest_route=\/wp\/v2\/posts"}],"about":[{"href":"https:\/\/noticiasrec.com\/index.php?rest_route=\/wp\/v2\/types\/post"}],"author":[{"embeddable":true,"href":"https:\/\/noticiasrec.com\/index.php?rest_route=\/wp\/v2\/users\/2"}],"replies":[{"embeddable":true,"href":"https:\/\/noticiasrec.com\/index.php?rest_route=%2Fwp%2Fv2%2Fcomments&post=7058"}],"version-history":[{"count":3,"href":"https:\/\/noticiasrec.com\/index.php?rest_route=\/wp\/v2\/posts\/7058\/revisions"}],"predecessor-version":[{"id":7064,"href":"https:\/\/noticiasrec.com\/index.php?rest_route=\/wp\/v2\/posts\/7058\/revisions\/7064"}],"wp:featuredmedia":[{"embeddable":true,"href":"https:\/\/noticiasrec.com\/index.php?rest_route=\/wp\/v2\/media\/7059"}],"wp:attachment":[{"href":"https:\/\/noticiasrec.com\/index.php?rest_route=%2Fwp%2Fv2%2Fmedia&parent=7058"}],"wp:term":[{"taxonomy":"category","embeddable":true,"href":"https:\/\/noticiasrec.com\/index.php?rest_route=%2Fwp%2Fv2%2Fcategories&post=7058"},{"taxonomy":"post_tag","embeddable":true,"href":"https:\/\/noticiasrec.com\/index.php?rest_route=%2Fwp%2Fv2%2Ftags&post=7058"}],"curies":[{"name":"wp","href":"https:\/\/api.w.org\/{rel}","templated":true}]}}