{"id":7054,"date":"2020-06-23T15:31:09","date_gmt":"2020-06-23T15:31:09","guid":{"rendered":"http:\/\/noticiasrec.com\/?p=7054"},"modified":"2020-06-23T15:31:09","modified_gmt":"2020-06-23T15:31:09","slug":"detectan-caso-de-covid-19-en-la-municipalidad-de-jose-c-paz","status":"publish","type":"post","link":"https:\/\/noticiasrec.com\/?p=7054","title":{"rendered":"Detectan caso de covid-19 en la Municipalidad de Jos\u00e9 C. Paz"},"content":{"rendered":"\n<p>El municipio de Jos\u00e9 C. Paz lo inform\u00f3 a traves de un comunicado que detalla lo siguiente: <\/p>\n\n\n\n<p>La\u00a0<strong>Municipalidad\u00a0de Jos\u00e9 C. Paz<\/strong>\u00a0informa a la comunidad, que se detect\u00f3 un caso positivo de COVID-19 en una empleada municipal, que se desempe\u00f1a en el \u00e1rea de Jefatura de Gabinete.<\/p>\n\n\n\n<p>Tras activarse los protocolos indicados, la compa\u00f1era trabajadora y todo el equipo que trabaja en el \u00e1rea o tuvo contacto estrecho con ella, permanecen en aislamiento preventivo.<\/p>\n\n\n\n<p>En tanto ayer, lunes, se procedi\u00f3 a la desinfecci\u00f3n del \u00e1rea de trabajo y de las oficinas por las que circul\u00f3 la trabajadora municipal.<\/p>\n\n\n\n<p>Ante el hecho, el intendente&nbsp;<strong>Mario Ishii<\/strong>&nbsp;resalt\u00f3 que \u201cse trabaja a contrarreloj entre todos los sectores para disminuir la circulaci\u00f3n del virus en el distrito\u201d.<\/p>\n","protected":false},"excerpt":{"rendered":"<p>El municipio de Jos\u00e9 C. Paz lo inform\u00f3 a traves de un comunicado que detalla..<\/p>\n","protected":false},"author":2,"featured_media":7055,"comment_status":"open","ping_status":"open","sticky":false,"template":"","format":"standard","meta":{"footnotes":""},"categories":[10,3,19],"tags":[873,872,874,875,60,62,708],"class_list":["post-7054","post","type-post","status-publish","format-standard","has-post-thumbnail","hentry","category-jose-c-paz","category-municipios","category-salud","tag-caso-de-covid-19","tag-detectan-caso","tag-empleada-municipal","tag-jefatura-de-gabinete","tag-jose-c-paz","tag-mario-ishii","tag-municipalidad"],"_links":{"self":[{"href":"https:\/\/noticiasrec.com\/index.php?rest_route=\/wp\/v2\/posts\/7054","targetHints":{"allow":["GET"]}}],"collection":[{"href":"https:\/\/noticiasrec.com\/index.php?rest_route=\/wp\/v2\/posts"}],"about":[{"href":"https:\/\/noticiasrec.com\/index.php?rest_route=\/wp\/v2\/types\/post"}],"author":[{"embeddable":true,"href":"https:\/\/noticiasrec.com\/index.php?rest_route=\/wp\/v2\/users\/2"}],"replies":[{"embeddable":true,"href":"https:\/\/noticiasrec.com\/index.php?rest_route=%2Fwp%2Fv2%2Fcomments&post=7054"}],"version-history":[{"count":1,"href":"https:\/\/noticiasrec.com\/index.php?rest_route=\/wp\/v2\/posts\/7054\/revisions"}],"predecessor-version":[{"id":7056,"href":"https:\/\/noticiasrec.com\/index.php?rest_route=\/wp\/v2\/posts\/7054\/revisions\/7056"}],"wp:featuredmedia":[{"embeddable":true,"href":"https:\/\/noticiasrec.com\/index.php?rest_route=\/wp\/v2\/media\/7055"}],"wp:attachment":[{"href":"https:\/\/noticiasrec.com\/index.php?rest_route=%2Fwp%2Fv2%2Fmedia&parent=7054"}],"wp:term":[{"taxonomy":"category","embeddable":true,"href":"https:\/\/noticiasrec.com\/index.php?rest_route=%2Fwp%2Fv2%2Fcategories&post=7054"},{"taxonomy":"post_tag","embeddable":true,"href":"https:\/\/noticiasrec.com\/index.php?rest_route=%2Fwp%2Fv2%2Ftags&post=7054"}],"curies":[{"name":"wp","href":"https:\/\/api.w.org\/{rel}","templated":true}]}}