{"id":7041,"date":"2020-06-18T15:38:59","date_gmt":"2020-06-18T15:38:59","guid":{"rendered":"http:\/\/noticiasrec.com\/?p=7041"},"modified":"2020-06-18T15:38:59","modified_gmt":"2020-06-18T15:38:59","slug":"la-provincia-destinara-400-millones-de-pesos-por-mes-para-sostener-a-190-clinicas-y-sanatorios-privados","status":"publish","type":"post","link":"https:\/\/noticiasrec.com\/?p=7041","title":{"rendered":"La Provincia destinar\u00e1 400 millones de pesos por mes para sostener a 190 cl\u00ednicas y sanatorios privados"},"content":{"rendered":"\n<p>As\u00ed lo anunci\u00f3 el Gobernador de la Provincia de Buenos Aires, Axel Kicillof durante una conferencia de prensa, en la que estuvo acompa\u00f1ado por el ministro de salud Bonaerense, Daniel Gollan y el titular deI Instituto de Obra M\u00e9dico Asistencial, Homero Giles. El aporte econ\u00f3mico forma parte de un plan de sustentabilidad del IOMA que permitir\u00e1 que las cl\u00ednicas puedan seguir brindando servicios y se integren a un sistema de salud homog\u00e9neo para hacerle frente a la pandemia del coronavirus. \u201cEs un paso hist\u00f3rico en la articulaci\u00f3n entre el sistema privado y p\u00fablico\u201d, afirm\u00f3 el Gobernador.<\/p>\n\n\n\n<p>La decisi\u00f3n de asistir al sector privado es una iniciativa de la obra social IOMA para sortear esta etapa de crisis a trav\u00e9s de consensos. A trav\u00e9s de un trabajo conjunto entre el ministerio de Salud; la Federaci\u00f3n de Cl\u00ednicas, Sanatorios, Hospitales y Otros Establecimientos de la Provincia de Buenos Aires (FECLIBA); y la Asociaci\u00f3n de Hospitales, Cl\u00ednicas y Establecimientos de Alta complejidad privados de la Provincia (ACLIBA), se elabor\u00f3 esta propuesta para sostener la actividad financiera que se vio disminuida por el aislamiento y la baja en la cantidad de consultas m\u00e9dicas.&nbsp;<\/p>\n\n\n\n<p>\u201cLas cl\u00ednicas privadas empezaron a extinguirse y quebrar por la falta de concurrencia y la ca\u00edda de las prestaciones. No podemos darnos el lujo de que en plena pandemia se empiecen a caer los sanatorios\u201d, se\u00f1al\u00f3 el mandatario provincial.<\/p>\n\n\n\n<p>En ese sentido Gollan agreg\u00f3 que \u201clos que ya eran problemas estructurales, se transformaron en problemas de supervivencia para el sector. Ha habido una ca\u00edda sustantiva de la cantidad de prestaciones&nbsp;de salud, que representan un desfinanciamiento para el sector privado\u201d.<\/p>\n\n\n\n<p>\u201cEs in\u00e9dito que podamos empezar a trabajar de manera coordinada entre el Estado y los prestadores privados en un sistema de gesti\u00f3n de camas y de recursos\u201d, a\u00f1adi\u00f3 el ministro, haciendo referencia a que, gracias a este apoyo econ\u00f3mico, que llega a 190 establecimientos se agregan 1500 camas de terapia intensiva al sistema de tablero de gesti\u00f3n de la pandemia.<\/p>\n\n\n\n<p>La propuesta de Sustentabilidad del Sistema Sanatorial est\u00e1 compuesta por un paquete de tres medidas: un incremento del 7% en el nomenclador del segundo nivel de atenci\u00f3n sobre el 35% que cerr\u00f3 el sector a fin del a\u00f1o pasado; la creaci\u00f3n de m\u00f3dulos Covid-19 para homogeneizar los pagos y un plan de asistencia financiera de 400 millones de pagos mensuales, que pasada la pandemia va a ser recuperada en 12 cuotas fijas.<\/p>\n\n\n\n<p>Durante la conferencia, el ministro explic\u00f3 que trabajar entre sector p\u00fablico y privado era un tema de agenda pre pandemia para desarrollar un sistema &nbsp;de salud articulado y colectivo. Un proyecto que, seg\u00fan el ministro, sirve para sortear esta etapa, pero tambi\u00e9n establecer cimientos para reordenar el sistema de salud bonaerense. \u00abHoy es un d\u00eda que marca un punto de inflexi\u00f3n en la decisi\u00f3n de empezar a trabajar estructuralmente en la reformulaci\u00f3n de un sistema que en los \u00faltimos tiempos le estaba sirviendo, desde el punto de vista econ\u00f3mico, a muy pocos\u201d, afirm\u00f3.<\/p>\n\n\n\n<p>En esa misma l\u00ednea el Gobernador dijo que \u00ablo que ve\u00edamos es que es era un sistema de salud fragmentado. No hab\u00eda un sistema de salud debidamente organizado, conviv\u00edan 4 sistemas: el privado, municipal, provincial y nacional, que coexisten y conviven y que atienden la salud de los y las bonaerenses pero de una manera an\u00e1rquica\u201d, subray\u00f3.<br><\/p>\n\n\n\n<p>As\u00ed lo anunci\u00f3 hoy el Gobernador de la Provincia de Buenos Aires, Axel Kicillof durante una conferencia de prensa, en la que estuvo acompa\u00f1ado por el ministro de salud Bonaerense, Daniel Gollan y el titular deI Instituto de Obra M\u00e9dico Asistencial, Homero Giles. El aporte econ\u00f3mico forma parte de un plan de sustentabilidad del IOMA que permitir\u00e1 que las cl\u00ednicas puedan seguir brindando servicios y se integren a un sistema de salud homog\u00e9neo para hacerle frente a la pandemia del coronavirus. \u201cEs un paso hist\u00f3rico en la articulaci\u00f3n entre el sistema privado y p\u00fablico\u201d, afirm\u00f3 el Gobernador.<\/p>\n\n\n\n<p>La decisi\u00f3n de asistir al sector privado es una iniciativa de la obra social IOMA para sortear esta etapa de crisis a trav\u00e9s de consensos. A trav\u00e9s de un trabajo conjunto entre el ministerio de Salud; la Federaci\u00f3n de Cl\u00ednicas, Sanatorios, Hospitales y Otros Establecimientos de la Provincia de Buenos Aires (FECLIBA); y la Asociaci\u00f3n de Hospitales, Cl\u00ednicas y Establecimientos de Alta complejidad privados de la Provincia (ACLIBA), se elabor\u00f3 esta propuesta para sostener la actividad financiera que se vio disminuida por el aislamiento y la baja en la cantidad de consultas m\u00e9dicas.&nbsp;<\/p>\n\n\n\n<p>\u201cLas cl\u00ednicas privadas empezaron a extinguirse y quebrar por la falta de concurrencia y la ca\u00edda de las prestaciones. No podemos darnos el lujo de que en plena pandemia se empiecen a caer los sanatorios\u201d, se\u00f1al\u00f3 el mandatario provincial.<\/p>\n\n\n\n<p>En ese sentido Gollan agreg\u00f3 que \u201clos que ya eran problemas estructurales, se transformaron en problemas de supervivencia para el sector. Ha habido una ca\u00edda sustantiva de la cantidad de prestaciones&nbsp;de salud, que representan un desfinanciamiento para el sector privado\u201d.<\/p>\n\n\n\n<p>\u201cEs in\u00e9dito que podamos empezar a trabajar de manera coordinada entre el Estado y los prestadores privados en un sistema de gesti\u00f3n de camas y de recursos\u201d, a\u00f1adi\u00f3 el ministro, haciendo referencia a que, gracias a este apoyo econ\u00f3mico, que llega a 190 establecimientos se agregan 1500 camas de terapia intensiva al sistema de tablero de gesti\u00f3n de la pandemia.<\/p>\n\n\n\n<p>La propuesta de Sustentabilidad del Sistema Sanatorial est\u00e1 compuesta por un paquete de tres medidas: un incremento del 7% en el nomenclador del segundo nivel de atenci\u00f3n sobre el 35% que cerr\u00f3 el sector a fin del a\u00f1o pasado; la creaci\u00f3n de m\u00f3dulos Covid-19 para homogeneizar los pagos y un plan de asistencia financiera de 400 millones de pagos mensuales, que pasada la pandemia va a ser recuperada en 12 cuotas fijas.<\/p>\n\n\n\n<p>Durante la conferencia, el ministro explic\u00f3 que trabajar entre sector p\u00fablico y privado era un tema de agenda pre pandemia para desarrollar un sistema &nbsp;de salud articulado y colectivo. Un proyecto que, seg\u00fan el ministro, sirve para sortear esta etapa, pero tambi\u00e9n establecer cimientos para reordenar el sistema de salud bonaerense. \u00abHoy es un d\u00eda que marca un punto de inflexi\u00f3n en la decisi\u00f3n de empezar a trabajar estructuralmente en la reformulaci\u00f3n de un sistema que en los \u00faltimos tiempos le estaba sirviendo, desde el punto de vista econ\u00f3mico, a muy pocos\u201d, afirm\u00f3.<\/p>\n\n\n\n<p>En esa misma l\u00ednea el Gobernador dijo que \u00ablo que ve\u00edamos es que es era un sistema de salud fragmentado. No hab\u00eda un sistema de salud debidamente organizado, conviv\u00edan 4 sistemas: el privado, municipal, provincial y nacional, que coexisten y conviven y que atienden la salud de los y las bonaerenses pero de una manera an\u00e1rquica\u201d, subray\u00f3.<br><\/p>\n\n\n\n<p>As\u00ed lo anunci\u00f3 hoy el Gobernador de la Provincia de Buenos Aires, Axel Kicillof durante una conferencia de prensa, en la que estuvo acompa\u00f1ado por el ministro de salud Bonaerense, Daniel Gollan y el titular deI Instituto de Obra M\u00e9dico Asistencial, Homero Giles. El aporte econ\u00f3mico forma parte de un plan de sustentabilidad del IOMA que permitir\u00e1 que las cl\u00ednicas puedan seguir brindando servicios y se integren a un sistema de salud homog\u00e9neo para hacerle frente a la pandemia del coronavirus. \u201cEs un paso hist\u00f3rico en la articulaci\u00f3n entre el sistema privado y p\u00fablico\u201d, afirm\u00f3 el Gobernador.<\/p>\n\n\n\n<p>La decisi\u00f3n de asistir al sector privado es una iniciativa de la obra social IOMA para sortear esta etapa de crisis a trav\u00e9s de consensos. A trav\u00e9s de un trabajo conjunto entre el ministerio de Salud; la Federaci\u00f3n de Cl\u00ednicas, Sanatorios, Hospitales y Otros Establecimientos de la Provincia de Buenos Aires (FECLIBA); y la Asociaci\u00f3n de Hospitales, Cl\u00ednicas y Establecimientos de Alta complejidad privados de la Provincia (ACLIBA), se elabor\u00f3 esta propuesta para sostener la actividad financiera que se vio disminuida por el aislamiento y la baja en la cantidad de consultas m\u00e9dicas.&nbsp;<\/p>\n\n\n\n<p>\u201cLas cl\u00ednicas privadas empezaron a extinguirse y quebrar por la falta de concurrencia y la ca\u00edda de las prestaciones. No podemos darnos el lujo de que en plena pandemia se empiecen a caer los sanatorios\u201d, se\u00f1al\u00f3 el mandatario provincial.<\/p>\n\n\n\n<p>En ese sentido Gollan agreg\u00f3 que \u201clos que ya eran problemas estructurales, se transformaron en problemas de supervivencia para el sector. Ha habido una ca\u00edda sustantiva de la cantidad de prestaciones&nbsp;de salud, que representan un desfinanciamiento para el sector privado\u201d.<\/p>\n\n\n\n<p>\u201cEs in\u00e9dito que podamos empezar a trabajar de manera coordinada entre el Estado y los prestadores privados en un sistema de gesti\u00f3n de camas y de recursos\u201d, a\u00f1adi\u00f3 el ministro, haciendo referencia a que, gracias a este apoyo econ\u00f3mico, que llega a 190 establecimientos se agregan 1500 camas de terapia intensiva al sistema de tablero de gesti\u00f3n de la pandemia.<\/p>\n\n\n\n<p>La propuesta de Sustentabilidad del Sistema Sanatorial est\u00e1 compuesta por un paquete de tres medidas: un incremento del 7% en el nomenclador del segundo nivel de atenci\u00f3n sobre el 35% que cerr\u00f3 el sector a fin del a\u00f1o pasado; la creaci\u00f3n de m\u00f3dulos Covid-19 para homogeneizar los pagos y un plan de asistencia financiera de 400 millones de pagos mensuales, que pasada la pandemia va a ser recuperada en 12 cuotas fijas.<\/p>\n\n\n\n<p>Durante la conferencia, el ministro explic\u00f3 que trabajar entre sector p\u00fablico y privado era un tema de agenda pre pandemia para desarrollar un sistema &nbsp;de salud articulado y colectivo. Un proyecto que, seg\u00fan el ministro, sirve para sortear esta etapa, pero tambi\u00e9n establecer cimientos para reordenar el sistema de salud bonaerense. \u00abHoy es un d\u00eda que marca un punto de inflexi\u00f3n en la decisi\u00f3n de empezar a trabajar estructuralmente en la reformulaci\u00f3n de un sistema que en los \u00faltimos tiempos le estaba sirviendo, desde el punto de vista econ\u00f3mico, a muy pocos\u201d, afirm\u00f3.<\/p>\n\n\n\n<p>En esa misma l\u00ednea el Gobernador dijo que \u00ablo que ve\u00edamos es que es era un sistema de salud fragmentado. No hab\u00eda un sistema de salud debidamente organizado, conviv\u00edan 4 sistemas: el privado, municipal, provincial y nacional, que coexisten y conviven y que atienden la salud de los y las bonaerenses pero de una manera an\u00e1rquica\u201d, subray\u00f3.<br><\/p>\n\n\n\n<p>As\u00ed lo anunci\u00f3 hoy el Gobernador de la Provincia de Buenos Aires, Axel Kicillof durante una conferencia de prensa, en la que estuvo acompa\u00f1ado por el ministro de salud Bonaerense, Daniel Gollan y el titular deI Instituto de Obra M\u00e9dico Asistencial, Homero Giles. El aporte econ\u00f3mico forma parte de un plan de sustentabilidad del IOMA que permitir\u00e1 que las cl\u00ednicas puedan seguir brindando servicios y se integren a un sistema de salud homog\u00e9neo para hacerle frente a la pandemia del coronavirus. \u201cEs un paso hist\u00f3rico en la articulaci\u00f3n entre el sistema privado y p\u00fablico\u201d, afirm\u00f3 el Gobernador.<\/p>\n\n\n\n<p>La decisi\u00f3n de asistir al sector privado es una iniciativa de la obra social IOMA para sortear esta etapa de crisis a trav\u00e9s de consensos. A trav\u00e9s de un trabajo conjunto entre el ministerio de Salud; la Federaci\u00f3n de Cl\u00ednicas, Sanatorios, Hospitales y Otros Establecimientos de la Provincia de Buenos Aires (FECLIBA); y la Asociaci\u00f3n de Hospitales, Cl\u00ednicas y Establecimientos de Alta complejidad privados de la Provincia (ACLIBA), se elabor\u00f3 esta propuesta para sostener la actividad financiera que se vio disminuida por el aislamiento y la baja en la cantidad de consultas m\u00e9dicas.&nbsp;<\/p>\n\n\n\n<p>\u201cLas cl\u00ednicas privadas empezaron a extinguirse y quebrar por la falta de concurrencia y la ca\u00edda de las prestaciones. No podemos darnos el lujo de que en plena pandemia se empiecen a caer los sanatorios\u201d, se\u00f1al\u00f3 el mandatario provincial.<\/p>\n\n\n\n<p>En ese sentido Gollan agreg\u00f3 que \u201clos que ya eran problemas estructurales, se transformaron en problemas de supervivencia para el sector. Ha habido una ca\u00edda sustantiva de la cantidad de prestaciones&nbsp;de salud, que representan un desfinanciamiento para el sector privado\u201d.<\/p>\n\n\n\n<p>\u201cEs in\u00e9dito que podamos empezar a trabajar de manera coordinada entre el Estado y los prestadores privados en un sistema de gesti\u00f3n de camas y de recursos\u201d, a\u00f1adi\u00f3 el ministro, haciendo referencia a que, gracias a este apoyo econ\u00f3mico, que llega a 190 establecimientos se agregan 1500 camas de terapia intensiva al sistema de tablero de gesti\u00f3n de la pandemia.<\/p>\n\n\n\n<p>La propuesta de Sustentabilidad del Sistema Sanatorial est\u00e1 compuesta por un paquete de tres medidas: un incremento del 7% en el nomenclador del segundo nivel de atenci\u00f3n sobre el 35% que cerr\u00f3 el sector a fin del a\u00f1o pasado; la creaci\u00f3n de m\u00f3dulos Covid-19 para homogeneizar los pagos y un plan de asistencia financiera de 400 millones de pagos mensuales, que pasada la pandemia va a ser recuperada en 12 cuotas fijas.<\/p>\n\n\n\n<p>Durante la conferencia, el ministro explic\u00f3 que trabajar entre sector p\u00fablico y privado era un tema de agenda pre pandemia para desarrollar un sistema &nbsp;de salud articulado y colectivo. Un proyecto que, seg\u00fan el ministro, sirve para sortear esta etapa, pero tambi\u00e9n establecer cimientos para reordenar el sistema de salud bonaerense. \u00abHoy es un d\u00eda que marca un punto de inflexi\u00f3n en la decisi\u00f3n de empezar a trabajar estructuralmente en la reformulaci\u00f3n de un sistema que en los \u00faltimos tiempos le estaba sirviendo, desde el punto de vista econ\u00f3mico, a muy pocos\u201d, afirm\u00f3.<\/p>\n\n\n\n<p>En esa misma l\u00ednea el Gobernador dijo que \u00ablo que ve\u00edamos es que es era un sistema de salud fragmentado. No hab\u00eda un sistema de salud debidamente organizado, conviv\u00edan 4 sistemas: el privado, municipal, provincial y nacional, que coexisten y conviven y que atienden la salud de los y las bonaerenses pero de una manera an\u00e1rquica\u201d, subray\u00f3.<br><\/p>\n\n\n\n<p>As\u00ed lo anunci\u00f3 hoy el Gobernador de la Provincia de Buenos Aires, Axel Kicillof durante una conferencia de prensa, en la que estuvo acompa\u00f1ado por el ministro de salud Bonaerense, Daniel Gollan y el titular deI Instituto de Obra M\u00e9dico Asistencial, Homero Giles. El aporte econ\u00f3mico forma parte de un plan de sustentabilidad del IOMA que permitir\u00e1 que las cl\u00ednicas puedan seguir brindando servicios y se integren a un sistema de salud homog\u00e9neo para hacerle frente a la pandemia del coronavirus. \u201cEs un paso hist\u00f3rico en la articulaci\u00f3n entre el sistema privado y p\u00fablico\u201d, afirm\u00f3 el Gobernador.<\/p>\n\n\n\n<p>La decisi\u00f3n de asistir al sector privado es una iniciativa de la obra social IOMA para sortear esta etapa de crisis a trav\u00e9s de consensos. A trav\u00e9s de un trabajo conjunto entre el ministerio de Salud; la Federaci\u00f3n de Cl\u00ednicas, Sanatorios, Hospitales y Otros Establecimientos de la Provincia de Buenos Aires (FECLIBA); y la Asociaci\u00f3n de Hospitales, Cl\u00ednicas y Establecimientos de Alta complejidad privados de la Provincia (ACLIBA), se elabor\u00f3 esta propuesta para sostener la actividad financiera que se vio disminuida por el aislamiento y la baja en la cantidad de consultas m\u00e9dicas.&nbsp;<\/p>\n\n\n\n<p>\u201cLas cl\u00ednicas privadas empezaron a extinguirse y quebrar por la falta de concurrencia y la ca\u00edda de las prestaciones. No podemos darnos el lujo de que en plena pandemia se empiecen a caer los sanatorios\u201d, se\u00f1al\u00f3 el mandatario provincial.<\/p>\n\n\n\n<p>En ese sentido Gollan agreg\u00f3 que \u201clos que ya eran problemas estructurales, se transformaron en problemas de supervivencia para el sector. Ha habido una ca\u00edda sustantiva de la cantidad de prestaciones&nbsp;de salud, que representan un desfinanciamiento para el sector privado\u201d.<\/p>\n\n\n\n<p>\u201cEs in\u00e9dito que podamos empezar a trabajar de manera coordinada entre el Estado y los prestadores privados en un sistema de gesti\u00f3n de camas y de recursos\u201d, a\u00f1adi\u00f3 el ministro, haciendo referencia a que, gracias a este apoyo econ\u00f3mico, que llega a 190 establecimientos se agregan 1500 camas de terapia intensiva al sistema de tablero de gesti\u00f3n de la pandemia.<\/p>\n\n\n\n<p>La propuesta de Sustentabilidad del Sistema Sanatorial est\u00e1 compuesta por un paquete de tres medidas: un incremento del 7% en el nomenclador del segundo nivel de atenci\u00f3n sobre el 35% que cerr\u00f3 el sector a fin del a\u00f1o pasado; la creaci\u00f3n de m\u00f3dulos Covid-19 para homogeneizar los pagos y un plan de asistencia financiera de 400 millones de pagos mensuales, que pasada la pandemia va a ser recuperada en 12 cuotas fijas.<\/p>\n\n\n\n<p>Durante la conferencia, el ministro explic\u00f3 que trabajar entre sector p\u00fablico y privado era un tema de agenda pre pandemia para desarrollar un sistema &nbsp;de salud articulado y colectivo. Un proyecto que, seg\u00fan el ministro, sirve para sortear esta etapa, pero tambi\u00e9n establecer cimientos para reordenar el sistema de salud bonaerense. \u00abHoy es un d\u00eda que marca un punto de inflexi\u00f3n en la decisi\u00f3n de empezar a trabajar estructuralmente en la reformulaci\u00f3n de un sistema que en los \u00faltimos tiempos le estaba sirviendo, desde el punto de vista econ\u00f3mico, a muy pocos\u201d, afirm\u00f3.<\/p>\n\n\n\n<p>En esa misma l\u00ednea el Gobernador dijo que \u00ablo que ve\u00edamos es que es era un sistema de salud fragmentado. No hab\u00eda un sistema de salud debidamente organizado, conviv\u00edan 4 sistemas: el privado, municipal, provincial y nacional, que coexisten y conviven y que atienden la salud de los y las bonaerenses pero de una manera an\u00e1rquica\u201d, subray\u00f3.<br><\/p>\n\n\n\n<p>As\u00ed lo anunci\u00f3 hoy el Gobernador de la Provincia de Buenos Aires, Axel Kicillof durante una conferencia de prensa, en la que estuvo acompa\u00f1ado por el ministro de salud Bonaerense, Daniel Gollan y el titular deI Instituto de Obra M\u00e9dico Asistencial, Homero Giles. El aporte econ\u00f3mico forma parte de un plan de sustentabilidad del IOMA que permitir\u00e1 que las cl\u00ednicas puedan seguir brindando servicios y se integren a un sistema de salud homog\u00e9neo para hacerle frente a la pandemia del coronavirus. \u201cEs un paso hist\u00f3rico en la articulaci\u00f3n entre el sistema privado y p\u00fablico\u201d, afirm\u00f3 el Gobernador.<\/p>\n\n\n\n<p>La decisi\u00f3n de asistir al sector privado es una iniciativa de la obra social IOMA para sortear esta etapa de crisis a trav\u00e9s de consensos. A trav\u00e9s de un trabajo conjunto entre el ministerio de Salud; la Federaci\u00f3n de Cl\u00ednicas, Sanatorios, Hospitales y Otros Establecimientos de la Provincia de Buenos Aires (FECLIBA); y la Asociaci\u00f3n de Hospitales, Cl\u00ednicas y Establecimientos de Alta complejidad privados de la Provincia (ACLIBA), se elabor\u00f3 esta propuesta para sostener la actividad financiera que se vio disminuida por el aislamiento y la baja en la cantidad de consultas m\u00e9dicas.&nbsp;<\/p>\n\n\n\n<p>\u201cLas cl\u00ednicas privadas empezaron a extinguirse y quebrar por la falta de concurrencia y la ca\u00edda de las prestaciones. No podemos darnos el lujo de que en plena pandemia se empiecen a caer los sanatorios\u201d, se\u00f1al\u00f3 el mandatario provincial.<\/p>\n\n\n\n<p>En ese sentido Gollan agreg\u00f3 que \u201clos que ya eran problemas estructurales, se transformaron en problemas de supervivencia para el sector. Ha habido una ca\u00edda sustantiva de la cantidad de prestaciones&nbsp;de salud, que representan un desfinanciamiento para el sector privado\u201d.<\/p>\n\n\n\n<p>\u201cEs in\u00e9dito que podamos empezar a trabajar de manera coordinada entre el Estado y los prestadores privados en un sistema de gesti\u00f3n de camas y de recursos\u201d, a\u00f1adi\u00f3 el ministro, haciendo referencia a que, gracias a este apoyo econ\u00f3mico, que llega a 190 establecimientos se agregan 1500 camas de terapia intensiva al sistema de tablero de gesti\u00f3n de la pandemia.<\/p>\n\n\n\n<p>La propuesta de Sustentabilidad del Sistema Sanatorial est\u00e1 compuesta por un paquete de tres medidas: un incremento del 7% en el nomenclador del segundo nivel de atenci\u00f3n sobre el 35% que cerr\u00f3 el sector a fin del a\u00f1o pasado; la creaci\u00f3n de m\u00f3dulos Covid-19 para homogeneizar los pagos y un plan de asistencia financiera de 400 millones de pagos mensuales, que pasada la pandemia va a ser recuperada en 12 cuotas fijas.<\/p>\n\n\n\n<p>Durante la conferencia, el ministro explic\u00f3 que trabajar entre sector p\u00fablico y privado era un tema de agenda pre pandemia para desarrollar un sistema &nbsp;de salud articulado y colectivo. Un proyecto que, seg\u00fan el ministro, sirve para sortear esta etapa, pero tambi\u00e9n establecer cimientos para reordenar el sistema de salud bonaerense. \u00abHoy es un d\u00eda que marca un punto de inflexi\u00f3n en la decisi\u00f3n de empezar a trabajar estructuralmente en la reformulaci\u00f3n de un sistema que en los \u00faltimos tiempos le estaba sirviendo, desde el punto de vista econ\u00f3mico, a muy pocos\u201d, afirm\u00f3.<\/p>\n\n\n\n<p>En esa misma l\u00ednea el Gobernador dijo que \u00ablo que ve\u00edamos es que es era un sistema de salud fragmentado. No hab\u00eda un sistema de salud debidamente organizado, conviv\u00edan 4 sistemas: el privado, municipal, provincial y nacional, que coexisten y conviven y que atienden la salud de los y las bonaerenses pero de una manera an\u00e1rquica\u201d, subray\u00f3.<br><\/p>\n\n\n\n<p>As\u00ed lo anunci\u00f3 hoy el Gobernador de la Provincia de Buenos Aires, Axel Kicillof durante una conferencia de prensa, en la que estuvo acompa\u00f1ado por el ministro de salud Bonaerense, Daniel Gollan y el titular deI Instituto de Obra M\u00e9dico Asistencial, Homero Giles. El aporte econ\u00f3mico forma parte de un plan de sustentabilidad del IOMA que permitir\u00e1 que las cl\u00ednicas puedan seguir brindando servicios y se integren a un sistema de salud homog\u00e9neo para hacerle frente a la pandemia del coronavirus. \u201cEs un paso hist\u00f3rico en la articulaci\u00f3n entre el sistema privado y p\u00fablico\u201d, afirm\u00f3 el Gobernador.<\/p>\n\n\n\n<p>La decisi\u00f3n de asistir al sector privado es una iniciativa de la obra social IOMA para sortear esta etapa de crisis a trav\u00e9s de consensos. A trav\u00e9s de un trabajo conjunto entre el ministerio de Salud; la Federaci\u00f3n de Cl\u00ednicas, Sanatorios, Hospitales y Otros Establecimientos de la Provincia de Buenos Aires (FECLIBA); y la Asociaci\u00f3n de Hospitales, Cl\u00ednicas y Establecimientos de Alta complejidad privados de la Provincia (ACLIBA), se elabor\u00f3 esta propuesta para sostener la actividad financiera que se vio disminuida por el aislamiento y la baja en la cantidad de consultas m\u00e9dicas.&nbsp;<\/p>\n\n\n\n<p>\u201cLas cl\u00ednicas privadas empezaron a extinguirse y quebrar por la falta de concurrencia y la ca\u00edda de las prestaciones. No podemos darnos el lujo de que en plena pandemia se empiecen a caer los sanatorios\u201d, se\u00f1al\u00f3 el mandatario provincial.<\/p>\n\n\n\n<p>En ese sentido Gollan agreg\u00f3 que \u201clos que ya eran problemas estructurales, se transformaron en problemas de supervivencia para el sector. Ha habido una ca\u00edda sustantiva de la cantidad de prestaciones&nbsp;de salud, que representan un desfinanciamiento para el sector privado\u201d.<\/p>\n\n\n\n<p>\u201cEs in\u00e9dito que podamos empezar a trabajar de manera coordinada entre el Estado y los prestadores privados en un sistema de gesti\u00f3n de camas y de recursos\u201d, a\u00f1adi\u00f3 el ministro, haciendo referencia a que, gracias a este apoyo econ\u00f3mico, que llega a 190 establecimientos se agregan 1500 camas de terapia intensiva al sistema de tablero de gesti\u00f3n de la pandemia.<\/p>\n\n\n\n<p>La propuesta de Sustentabilidad del Sistema Sanatorial est\u00e1 compuesta por un paquete de tres medidas: un incremento del 7% en el nomenclador del segundo nivel de atenci\u00f3n sobre el 35% que cerr\u00f3 el sector a fin del a\u00f1o pasado; la creaci\u00f3n de m\u00f3dulos Covid-19 para homogeneizar los pagos y un plan de asistencia financiera de 400 millones de pagos mensuales, que pasada la pandemia va a ser recuperada en 12 cuotas fijas.<\/p>\n\n\n\n<p>Durante la conferencia, el ministro explic\u00f3 que trabajar entre sector p\u00fablico y privado era un tema de agenda pre pandemia para desarrollar un sistema &nbsp;de salud articulado y colectivo. Un proyecto que, seg\u00fan el ministro, sirve para sortear esta etapa, pero tambi\u00e9n establecer cimientos para reordenar el sistema de salud bonaerense. \u00abHoy es un d\u00eda que marca un punto de inflexi\u00f3n en la decisi\u00f3n de empezar a trabajar estructuralmente en la reformulaci\u00f3n de un sistema que en los \u00faltimos tiempos le estaba sirviendo, desde el punto de vista econ\u00f3mico, a muy pocos\u201d, afirm\u00f3.<\/p>\n\n\n\n<p>En esa misma l\u00ednea el Gobernador dijo que \u00ablo que ve\u00edamos es que es era un sistema de salud fragmentado. No hab\u00eda un sistema de salud debidamente organizado, conviv\u00edan 4 sistemas: el privado, municipal, provincial y nacional, que coexisten y conviven y que atienden la salud de los y las bonaerenses pero de una manera an\u00e1rquica\u201d, subray\u00f3.<br><\/p>\n","protected":false},"excerpt":{"rendered":"<p>As\u00ed lo anunci\u00f3 el Gobernador de la Provincia de Buenos Aires, Axel Kicillof durante una..<\/p>\n","protected":false},"author":2,"featured_media":7042,"comment_status":"open","ping_status":"open","sticky":false,"template":"","format":"standard","meta":{"footnotes":""},"categories":[51,2,19],"tags":[850,849,316,853,852,193,851],"class_list":["post-7041","post","type-post","status-publish","format-standard","has-post-thumbnail","hentry","category-economia","category-provincia","category-salud","tag-190-clinicas","tag-400-millones","tag-axel-kicillof","tag-para-sostener","tag-por-mes","tag-provincia","tag-sanatorios-privados"],"_links":{"self":[{"href":"https:\/\/noticiasrec.com\/index.php?rest_route=\/wp\/v2\/posts\/7041","targetHints":{"allow":["GET"]}}],"collection":[{"href":"https:\/\/noticiasrec.com\/index.php?rest_route=\/wp\/v2\/posts"}],"about":[{"href":"https:\/\/noticiasrec.com\/index.php?rest_route=\/wp\/v2\/types\/post"}],"author":[{"embeddable":true,"href":"https:\/\/noticiasrec.com\/index.php?rest_route=\/wp\/v2\/users\/2"}],"replies":[{"embeddable":true,"href":"https:\/\/noticiasrec.com\/index.php?rest_route=%2Fwp%2Fv2%2Fcomments&post=7041"}],"version-history":[{"count":1,"href":"https:\/\/noticiasrec.com\/index.php?rest_route=\/wp\/v2\/posts\/7041\/revisions"}],"predecessor-version":[{"id":7043,"href":"https:\/\/noticiasrec.com\/index.php?rest_route=\/wp\/v2\/posts\/7041\/revisions\/7043"}],"wp:featuredmedia":[{"embeddable":true,"href":"https:\/\/noticiasrec.com\/index.php?rest_route=\/wp\/v2\/media\/7042"}],"wp:attachment":[{"href":"https:\/\/noticiasrec.com\/index.php?rest_route=%2Fwp%2Fv2%2Fmedia&parent=7041"}],"wp:term":[{"taxonomy":"category","embeddable":true,"href":"https:\/\/noticiasrec.com\/index.php?rest_route=%2Fwp%2Fv2%2Fcategories&post=7041"},{"taxonomy":"post_tag","embeddable":true,"href":"https:\/\/noticiasrec.com\/index.php?rest_route=%2Fwp%2Fv2%2Ftags&post=7041"}],"curies":[{"name":"wp","href":"https:\/\/api.w.org\/{rel}","templated":true}]}}