{"id":7032,"date":"2020-06-17T14:59:35","date_gmt":"2020-06-17T14:59:35","guid":{"rendered":"http:\/\/noticiasrec.com\/?p=7032"},"modified":"2020-06-17T15:00:35","modified_gmt":"2020-06-17T15:00:35","slug":"el-intendente-mario-ishii-se-reunio-en-la-plata-con-el-gobernador-kicillof","status":"publish","type":"post","link":"https:\/\/noticiasrec.com\/?p=7032","title":{"rendered":"El intendente Mario Ishii se reuni\u00f3 en La Plata con el gobernador Kicillof"},"content":{"rendered":"\n<p>Durante la tarde del mi\u00e9rcoles 16, el intendente de Jos\u00e9 C. Paz, Mario Ishii, mantuvo un encuentro con el gobernador de la provincia de Buenos Aires, Axel Kicillof.<br><\/p>\n\n\n\n<p>La reuni\u00f3n se llev\u00f3 a cabo en la gobernaci\u00f3n bonaerense. Ishii y el mandatario bonaerense intercambiaron opiniones sobre la realidad del Conurbano en general y de Jos\u00e9 C. Paz en particular, en el contexto de los tiempos dif\u00edciles que toca vivir a la provincia y al pa\u00eds por la pandemia de COVID-19.<\/p>\n\n\n\n<p> Los casos positivos de coronavirus en la provincia de Buenos Aires ascendieron a 14.546 tras confirmarse 797 nuevos contagios en las \u00faltimas 24 horas, informaron  fuentes oficiales.<\/p>\n\n\n\n<p>El Ministerio de Salud provincial, precis\u00f3 que hay 178 pacientes en terapia intensiva; en tanto 2.956 personas ya se recuperaron y recibieron el alta. <\/p>\n\n\n\n<p> <\/p>\n\n\n\n<p><\/p>\n","protected":false},"excerpt":{"rendered":"<p>Durante la tarde del mi\u00e9rcoles 16, el intendente de Jos\u00e9 C. Paz, Mario Ishii, mantuvo..<\/p>\n","protected":false},"author":2,"featured_media":7033,"comment_status":"open","ping_status":"open","sticky":false,"template":"","format":"standard","meta":{"footnotes":""},"categories":[10,3,2,1],"tags":[840,318,60,399,627,62],"class_list":["post-7032","post","type-post","status-publish","format-standard","has-post-thumbnail","hentry","category-jose-c-paz","category-municipios","category-provincia","category-sin-categoria","tag-encuentro","tag-gobernador","tag-jose-c-paz","tag-kicillof","tag-la-plata","tag-mario-ishii"],"_links":{"self":[{"href":"https:\/\/noticiasrec.com\/index.php?rest_route=\/wp\/v2\/posts\/7032","targetHints":{"allow":["GET"]}}],"collection":[{"href":"https:\/\/noticiasrec.com\/index.php?rest_route=\/wp\/v2\/posts"}],"about":[{"href":"https:\/\/noticiasrec.com\/index.php?rest_route=\/wp\/v2\/types\/post"}],"author":[{"embeddable":true,"href":"https:\/\/noticiasrec.com\/index.php?rest_route=\/wp\/v2\/users\/2"}],"replies":[{"embeddable":true,"href":"https:\/\/noticiasrec.com\/index.php?rest_route=%2Fwp%2Fv2%2Fcomments&post=7032"}],"version-history":[{"count":1,"href":"https:\/\/noticiasrec.com\/index.php?rest_route=\/wp\/v2\/posts\/7032\/revisions"}],"predecessor-version":[{"id":7034,"href":"https:\/\/noticiasrec.com\/index.php?rest_route=\/wp\/v2\/posts\/7032\/revisions\/7034"}],"wp:featuredmedia":[{"embeddable":true,"href":"https:\/\/noticiasrec.com\/index.php?rest_route=\/wp\/v2\/media\/7033"}],"wp:attachment":[{"href":"https:\/\/noticiasrec.com\/index.php?rest_route=%2Fwp%2Fv2%2Fmedia&parent=7032"}],"wp:term":[{"taxonomy":"category","embeddable":true,"href":"https:\/\/noticiasrec.com\/index.php?rest_route=%2Fwp%2Fv2%2Fcategories&post=7032"},{"taxonomy":"post_tag","embeddable":true,"href":"https:\/\/noticiasrec.com\/index.php?rest_route=%2Fwp%2Fv2%2Ftags&post=7032"}],"curies":[{"name":"wp","href":"https:\/\/api.w.org\/{rel}","templated":true}]}}